{"id":136536,"date":"2024-06-20T08:34:17","date_gmt":"2024-06-20T11:34:17","guid":{"rendered":"https:\/\/vinasfm.com\/noticias\/?p=136536"},"modified":"2024-06-21T09:41:53","modified_gmt":"2024-06-21T12:41:53","slug":"precauciones-para-viajar-a-zonas-cordilleranas-durante-nevadas-intensas","status":"publish","type":"post","link":"https:\/\/vinasfm.com\/noticias\/precauciones-para-viajar-a-zonas-cordilleranas-durante-nevadas-intensas\/","title":{"rendered":"PRECAUCIONES PARA VIAJAR A ZONAS CORDILLERANAS DURANTE NEVADAS INTENSAS"},"content":{"rendered":"<h4><span style=\"color: #000000;\">Ante las adversas condiciones meteorol\u00f3gicas que afectan las zonas cordilleranas de Mendoza, es crucial seguir estas recomendaciones del Ministerio de Seguridad y Justicia para garantizar la seguridad y preparaci\u00f3n tanto en viajes como para quienes residen en esos lugares.<\/span><\/h4>\n<p><span style=\"color: #000000;\">Ante un nuevo fin de semana largo, el Ministerio de Seguridad y Justicia destaca la importancia de tomar precauciones debido a las malas condiciones meteorol\u00f3gicas que afectan las zonas cordilleranas de la provincia.<\/span><\/p>\n<p><span style=\"color: #000000;\">Actualmente, las intensas nevadas han llevado al cierre parcial de varias rutas. El Paso Internacional Cristo Redentor est\u00e1 inhabilitado, limitando el tr\u00e1nsito hasta Uspallata, y en el Sur provincial se ha cerrado la Ruta Provincial 222 en Malarg\u00fce, afectando el acceso a los valles de Los Molles y de Las Le\u00f1as.<\/span><\/p>\n<p><span style=\"color: #000000;\">Ante esta situaci\u00f3n, los especialistas recomiendan a toda la poblaci\u00f3n verificar diariamente las condiciones de las rutas en el sitio oficial del Gobierno de Mendoza antes de emprender cualquier viaje.<\/span><\/p>\n<p><span style=\"color: #000000;\">El jefe del Corredor Internacional, comisario inspector Mario Lucero, se\u00f1al\u00f3 que <strong><em>\u201ces crucial adoptar medidas preventivas como llevar cadenas para nieve en el veh\u00edculo, asegurarse de su correcta instalaci\u00f3n y disponer de las medidas adecuadas en caso de ser requeridas por el personal de seguridad\u201d.<\/em><\/strong><\/span><\/p>\n<p><span style=\"color: #000000;\"><em><strong>\u201cLas cadenas son esenciales para la seguridad en condiciones adversas de circulaci\u00f3n. Deben ajustarse a cada modelo de veh\u00edculo para garantizar su efectividad\u201d<\/strong><\/em>, enfatizaron los especialistas.<\/span><\/p>\n<p><span style=\"color: #000000;\">Seg\u00fan explicaron los expertos, para los veh\u00edculos de tracci\u00f3n delantera, la colocaci\u00f3n de este elemento de seguridad en las ruedas delanteras es crucial para mejorar la estabilidad en terrenos resbaladizos. En el caso de camiones tipo chasis con acoplado o semirremolque, se recomienda la instalaci\u00f3n de cadenas en todas las ruedas traseras o al menos en la rueda izquierda, para mejorar la maniobrabilidad.<\/span><\/p>\n<p><span style=\"color: #000000;\">La preparaci\u00f3n adecuada del veh\u00edculo se destaca como prioridad. Se aconseja mantener el tanque de combustible lleno, ya que el consumo puede aumentar significativamente en ciertas condiciones clim\u00e1ticas. Adem\u00e1s, es fundamental el uso de l\u00edquido anticongelante en el sistema de enfriamiento del motor y verificar el correcto funcionamiento de las escobillas limpiaparabrisas, para garantizar visibilidad \u00f3ptima.<\/span><\/p>\n<p><span style=\"color: #000000;\">Adem\u00e1s, se aconseja llevar la documentaci\u00f3n completa del veh\u00edculo, varias prendas de abrigo y suficiente bebida tanto fr\u00eda como caliente para mantenerse hidratado durante el trayecto.<\/span><\/p>\n<p><span style=\"color: #000000;\">Tambi\u00e9n, es fundamental tener a mano una serie de herramientas que pueden resultar vitales en caso de emergencia. Un cable de arranque, una linterna con pilas, una soga, una pala peque\u00f1a para desatascos y una cuarta o lanza de remolque son elementos indispensables que pueden facilitar la resoluci\u00f3n de situaciones imprevistas en el camino.<\/span><\/p>\n<p><span style=\"color: #000000;\"><em><strong>\u00abEn tanto, para quienes transiten por las rutas es fundamental respetar estrictamente las indicaciones viales y estar alerta ante posibles condiciones adversas como leng\u00fcetas de hielo. Hay que mantener velocidad constante y evitar maniobras bruscas al enfrentarse a estas situaciones\u00bb<\/strong><\/em>, aseguraron los especialistas.<\/span><\/p>\n<h2><span style=\"color: #000000;\"><strong>Consejos para los residentes de zona cordillerana<\/strong><\/span><\/h2>\n<p><span style=\"color: #000000;\">Para quienes habitan en la zona cordillerana de Mendoza, se se\u00f1ala que<em><strong> \u201ces importante que los residentes se preparen adecuadamente siguiendo atentamente las instrucciones de las autoridades locales y las actualizaciones del pron\u00f3stico\u201d.<\/strong><\/em><\/span><\/p>\n<p><span style=\"color: #000000;\">Asimismo, las autoridades de Defensa Civil afirmaron que <strong><em>\u201chay que abastecerse de suficiente le\u00f1a y combustible para mantener el calor en su hogar, y almacenar agua potable en cantidad suficiente para cubrir sus necesidades durante el per\u00edodo de nevadas\u201d.<\/em><\/strong><\/span><\/p>\n<p><span style=\"color: #000000;\">Otra de las recomendaciones es proveerse de alimentos y medicamentos y un botiqu\u00edn de primeros auxilios completamente equipado. En tanto, para los grupos vulnerables, como mujeres embarazadas con fecha de parto cercana, hay que planificar el traslado con anticipaci\u00f3n al domicilio de un familiar, y para las personas con enfermedades cr\u00f3nicas, tomar precauciones adicionales, como tener los medicamentos necesarios.<\/span><\/p>\n<p><span style=\"color: #000000;\">Por otro lado, se propone limpiar los techos y lugares de la casa que puedan tener nieve acumulada, para evitar cualquier tipo de accidente.<\/span><\/p>\n<p><span style=\"color: #000000;\">Para finalizar, se recomienda equiparse de dispositivos operados con bater\u00edas, como una linterna frontal y una radio AM \/FM, proveerse de l\u00e1mparas y pilas extra, velas y f\u00f3sforos, sal gruesa o arena corriente para esparcir sobre las huellas de tr\u00e1nsito congeladas en el predio, verificar stock de ropa invernal adecuada y elaborar una red de comunicaciones con los vecinos de la zona.<\/span><\/p>\n","protected":false},"excerpt":{"rendered":"<p>Ante las adversas condiciones meteorol\u00f3gicas que afectan las zonas cordilleranas de Mendoza, es crucial seguir estas recomendaciones del Ministerio de Seguridad &#8230;<\/p>\n","protected":false},"author":7,"featured_media":136537,"comment_status":"open","ping_status":"open","sticky":false,"template":"","format":"standard","meta":{"footnotes":""},"categories":[5,10],"tags":[],"class_list":["post-136536","post","type-post","status-publish","format-standard","has-post-thumbnail","hentry","category-actualidad","category-destacadas"],"_links":{"self":[{"href":"https:\/\/vinasfm.com\/noticias\/wp-json\/wp\/v2\/posts\/136536","targetHints":{"allow":["GET"]}}],"collection":[{"href":"https:\/\/vinasfm.com\/noticias\/wp-json\/wp\/v2\/posts"}],"about":[{"href":"https:\/\/vinasfm.com\/noticias\/wp-json\/wp\/v2\/types\/post"}],"author":[{"embeddable":true,"href":"https:\/\/vinasfm.com\/noticias\/wp-json\/wp\/v2\/users\/7"}],"replies":[{"embeddable":true,"href":"https:\/\/vinasfm.com\/noticias\/wp-json\/wp\/v2\/comments?post=136536"}],"version-history":[{"count":1,"href":"https:\/\/vinasfm.com\/noticias\/wp-json\/wp\/v2\/posts\/136536\/revisions"}],"predecessor-version":[{"id":136538,"href":"https:\/\/vinasfm.com\/noticias\/wp-json\/wp\/v2\/posts\/136536\/revisions\/136538"}],"wp:featuredmedia":[{"embeddable":true,"href":"https:\/\/vinasfm.com\/noticias\/wp-json\/wp\/v2\/media\/136537"}],"wp:attachment":[{"href":"https:\/\/vinasfm.com\/noticias\/wp-json\/wp\/v2\/media?parent=136536"}],"wp:term":[{"taxonomy":"category","embeddable":true,"href":"https:\/\/vinasfm.com\/noticias\/wp-json\/wp\/v2\/categories?post=136536"},{"taxonomy":"post_tag","embeddable":true,"href":"https:\/\/vinasfm.com\/noticias\/wp-json\/wp\/v2\/tags?post=136536"}],"curies":[{"name":"wp","href":"https:\/\/api.w.org\/{rel}","templated":true}]}}