{"id":136519,"date":"2024-06-19T11:57:52","date_gmt":"2024-06-19T14:57:52","guid":{"rendered":"https:\/\/vinasfm.com\/noticias\/?p=136519"},"modified":"2024-06-19T11:57:52","modified_gmt":"2024-06-19T14:57:52","slug":"fin-de-semana-xxl-con-restriccion-de-camiones-en-rutas-nacionales","status":"publish","type":"post","link":"https:\/\/vinasfm.com\/noticias\/fin-de-semana-xxl-con-restriccion-de-camiones-en-rutas-nacionales\/","title":{"rendered":"FIN DE SEMANA XXL CON RESTRICCI\u00d3N DE CAMIONES EN RUTAS NACIONALES"},"content":{"rendered":"<h4><span style=\"color: #000000;\">La Agencia Nacional de Seguridad Vial (ANSV) comunica que, con motivo del fin de semana extra largo, habr\u00e1 restricci\u00f3n a la circulaci\u00f3n de camiones de m\u00e1s de 3.500 kilos en rutas nacionales.<\/span><\/h4>\n<div><span style=\"color: #000000;\">La restricci\u00f3n estar\u00e1 vigente hoy mi\u00e9rcoles de 18 a 20:59 horas, el jueves de 7 a 9:59 horas y el domingo de 18 a 20:59 horas. Las rutas y los sentidos de circulaci\u00f3n que alcanza la medida se pueden consultar en el\u00a0<span style=\"color: #0000ff;\"><u><a id=\"m_7173897714658728760OWAc243a70e-6be5-182a-1f16-9fecf083392b\" style=\"color: #0000ff;\" href=\"https:\/\/www.argentina.gob.ar\/seguridadvial\/restriccion-de-camiones\/junio-2024\" target=\"_blank\" rel=\"noopener\" data-saferedirecturl=\"https:\/\/www.google.com\/url?q=https:\/\/www.argentina.gob.ar\/seguridadvial\/restriccion-de-camiones\/junio-2024&amp;source=gmail&amp;ust=1718895303243000&amp;usg=AOvVaw3VmhEs3v9-MjEit2BLhta9\">sitio web del organismo nacional<\/a><\/u>.<\/span><\/span><\/div>\n<div><\/div>\n<div><span style=\"color: #000000;\">De esta manera, <strong>se busca evitar congestionamientos y agilizar el tr\u00e1nsito<\/strong>, con el objetivo de que todos los conductores y los acompa\u00f1antes que salgan a las rutas en los pr\u00f3ximos d\u00edas lo hagan de manera segura, tanto a la ida como a la vuelta de sus viajes.<\/span><\/div>\n<div><\/div>\n<div><span style=\"color: #000000;\">En cuanto a esto \u00faltimo, es importante que todas las personas que est\u00e9n al volante sean responsables al conducir, respetando las normas de tr\u00e1nsito, circulando a una velocidad prudente, atentos al camino y sin realizar maniobras temerarias.<\/span><\/div>\n<div><\/div>\n<div><span style=\"color: #000000;\">Por \u00faltimo, la ANSV tambi\u00e9n recuerda que <strong>es obligatorio circular con la documentaci\u00f3n requerida por ley,<\/strong> que todos los pasajeros utilicen el cintur\u00f3n de seguridad (silla infantil en menores de 10 a\u00f1os) y el casco en el caso de los motociclistas.<\/span><\/div>\n","protected":false},"excerpt":{"rendered":"<p>La Agencia Nacional de Seguridad Vial (ANSV) comunica que, con motivo del fin de semana extra largo, habr\u00e1 restricci\u00f3n a la &#8230;<\/p>\n","protected":false},"author":7,"featured_media":1079,"comment_status":"open","ping_status":"open","sticky":false,"template":"","format":"standard","meta":{"footnotes":""},"categories":[1],"tags":[],"class_list":["post-136519","post","type-post","status-publish","format-standard","has-post-thumbnail","hentry","category-fmvinas"],"_links":{"self":[{"href":"https:\/\/vinasfm.com\/noticias\/wp-json\/wp\/v2\/posts\/136519","targetHints":{"allow":["GET"]}}],"collection":[{"href":"https:\/\/vinasfm.com\/noticias\/wp-json\/wp\/v2\/posts"}],"about":[{"href":"https:\/\/vinasfm.com\/noticias\/wp-json\/wp\/v2\/types\/post"}],"author":[{"embeddable":true,"href":"https:\/\/vinasfm.com\/noticias\/wp-json\/wp\/v2\/users\/7"}],"replies":[{"embeddable":true,"href":"https:\/\/vinasfm.com\/noticias\/wp-json\/wp\/v2\/comments?post=136519"}],"version-history":[{"count":1,"href":"https:\/\/vinasfm.com\/noticias\/wp-json\/wp\/v2\/posts\/136519\/revisions"}],"predecessor-version":[{"id":136520,"href":"https:\/\/vinasfm.com\/noticias\/wp-json\/wp\/v2\/posts\/136519\/revisions\/136520"}],"wp:featuredmedia":[{"embeddable":true,"href":"https:\/\/vinasfm.com\/noticias\/wp-json\/wp\/v2\/media\/1079"}],"wp:attachment":[{"href":"https:\/\/vinasfm.com\/noticias\/wp-json\/wp\/v2\/media?parent=136519"}],"wp:term":[{"taxonomy":"category","embeddable":true,"href":"https:\/\/vinasfm.com\/noticias\/wp-json\/wp\/v2\/categories?post=136519"},{"taxonomy":"post_tag","embeddable":true,"href":"https:\/\/vinasfm.com\/noticias\/wp-json\/wp\/v2\/tags?post=136519"}],"curies":[{"name":"wp","href":"https:\/\/api.w.org\/{rel}","templated":true}]}}