{"id":136490,"date":"2024-06-19T09:01:25","date_gmt":"2024-06-19T12:01:25","guid":{"rendered":"https:\/\/vinasfm.com\/noticias\/?p=136490"},"modified":"2024-06-20T10:50:20","modified_gmt":"2024-06-20T13:50:20","slug":"asi-sera-la-atencion-comercial-el-fin-de-semana-largo-en-alvear","status":"publish","type":"post","link":"https:\/\/vinasfm.com\/noticias\/asi-sera-la-atencion-comercial-el-fin-de-semana-largo-en-alvear\/","title":{"rendered":"AS\u00cd SER\u00c1 LA ATENCI\u00d3N COMERCIAL EL FIN DE SEMANA LARGO EN ALVEAR"},"content":{"rendered":"<h4><span style=\"color: #000000;\">Ante un nuevo fin de semana extra largo, desde la\u00a0<strong>espec\u00edfica de Comercio de la C\u00e1mara de Alvear<\/strong>\u00a0se realiz\u00f3 una breve\u00a0<strong>encuesta\u00a0<\/strong>con los comercios asociados para\u00a0<strong>determinar c\u00f3mo ser\u00e1 la atenci\u00f3n durante los pr\u00f3ximos feriados.<\/strong><\/span><\/h4>\n<p><span style=\"color: #000000;\">Seg\u00fan el calendario establecido por el Gobierno Nacional,\u00a0<strong>el jueves 20 de junio es feriado nacional<\/strong>\u00a0por el D\u00eda de la Bandera (se conmemora el Paso a la inmortalidad del General Manuel Belgrano), mientras que el<strong>\u00a0viernes 21 de junio\u00a0<\/strong>se dispuso como<strong>\u00a0feriado puente con fines tur\u00edsticos.<\/strong><\/span><\/p>\n<h2 class=\"has-medium-font-size\"><span style=\"color: #000000;\"><strong>As\u00ed ser\u00e1 la atenci\u00f3n comercial en fin de semana XXL<\/strong><\/span><\/h2>\n<p><span style=\"color: #000000;\">En la\u00a0<strong>encuesta\u00a0<\/strong>realizada desde la C\u00e1mara alvearense, para el feriado del\u00a0<strong>jueves 20<\/strong>, D\u00eda de la Bandera, el\u00a0<strong>85% de los comercios\u00a0<\/strong>permanecer\u00e1n\u00a0<strong>cerrados<\/strong>.<\/span><\/p>\n<p><span style=\"color: #000000;\">Mientras que, en el caso del feriado puente del\u00a0<strong>viernes 21<\/strong>, la situaci\u00f3n que se presenta es a la inversa, el\u00a0<strong>85%<\/strong>\u00a0de los\u00a0<strong>comerciantes\u00a0<\/strong>consultados respondieron que<strong>\u00a0atender\u00e1n al p\u00fablico.<\/strong><\/span><\/p>\n<p><span style=\"color: #000000;\">En tanto, el\u00a0<strong>s\u00e1bado 22 de junio es d\u00eda laborable<\/strong>\u00a0por lo que la atenci\u00f3n comercial ser\u00e1 normal y en los horarios habituales seg\u00fan cada rubro.<\/span><\/p>\n<h3 class=\"has-medium-font-size\"><span style=\"color: #000000;\"><strong>Para tener en cuenta<\/strong><\/span><\/h3>\n<p><span style=\"color: #000000;\">El Gobierno tiene la potestad de establecer 3 feriados puentes con fines tur\u00edsticos al a\u00f1o para formar fines de semana largos, como es el caso del pr\u00f3ximo viernes.<\/span><\/p>\n<p><span style=\"color: #000000;\">Este tipo de fechas est\u00e1n consagradas en el calendario oficial como feriados, con las mismas condiciones de los d\u00edas en que se celebran homenajes hist\u00f3ricos o jornadas internacionales. Por lo tanto se recuerda que en los puentes tur\u00edsticos rige lo establecido por la Ley de Contrato de Trabajo para quienes convoquen a los empleados a sus puestos, como en cualquier otro feriado.<\/span><\/p>\n","protected":false},"excerpt":{"rendered":"<p>Ante un nuevo fin de semana extra largo, desde la\u00a0espec\u00edfica de Comercio de la C\u00e1mara de Alvear\u00a0se realiz\u00f3 una breve\u00a0encuesta\u00a0con los &#8230;<\/p>\n","protected":false},"author":7,"featured_media":136492,"comment_status":"open","ping_status":"open","sticky":false,"template":"","format":"standard","meta":{"footnotes":""},"categories":[5,69],"tags":[],"class_list":["post-136490","post","type-post","status-publish","format-standard","has-post-thumbnail","hentry","category-actualidad","category-comercio"],"_links":{"self":[{"href":"https:\/\/vinasfm.com\/noticias\/wp-json\/wp\/v2\/posts\/136490","targetHints":{"allow":["GET"]}}],"collection":[{"href":"https:\/\/vinasfm.com\/noticias\/wp-json\/wp\/v2\/posts"}],"about":[{"href":"https:\/\/vinasfm.com\/noticias\/wp-json\/wp\/v2\/types\/post"}],"author":[{"embeddable":true,"href":"https:\/\/vinasfm.com\/noticias\/wp-json\/wp\/v2\/users\/7"}],"replies":[{"embeddable":true,"href":"https:\/\/vinasfm.com\/noticias\/wp-json\/wp\/v2\/comments?post=136490"}],"version-history":[{"count":1,"href":"https:\/\/vinasfm.com\/noticias\/wp-json\/wp\/v2\/posts\/136490\/revisions"}],"predecessor-version":[{"id":136491,"href":"https:\/\/vinasfm.com\/noticias\/wp-json\/wp\/v2\/posts\/136490\/revisions\/136491"}],"wp:featuredmedia":[{"embeddable":true,"href":"https:\/\/vinasfm.com\/noticias\/wp-json\/wp\/v2\/media\/136492"}],"wp:attachment":[{"href":"https:\/\/vinasfm.com\/noticias\/wp-json\/wp\/v2\/media?parent=136490"}],"wp:term":[{"taxonomy":"category","embeddable":true,"href":"https:\/\/vinasfm.com\/noticias\/wp-json\/wp\/v2\/categories?post=136490"},{"taxonomy":"post_tag","embeddable":true,"href":"https:\/\/vinasfm.com\/noticias\/wp-json\/wp\/v2\/tags?post=136490"}],"curies":[{"name":"wp","href":"https:\/\/api.w.org\/{rel}","templated":true}]}}