{"id":136476,"date":"2024-06-18T12:05:11","date_gmt":"2024-06-18T15:05:11","guid":{"rendered":"https:\/\/vinasfm.com\/noticias\/?p=136476"},"modified":"2024-06-18T12:05:11","modified_gmt":"2024-06-18T15:05:11","slug":"cerreran-la-delagion-de-migraciones-en-san-rafael","status":"publish","type":"post","link":"https:\/\/vinasfm.com\/noticias\/cerreran-la-delagion-de-migraciones-en-san-rafael\/","title":{"rendered":"CERRER\u00c1N LA DELAGI\u00d3N DE MIGRACIONES EN SAN RAFAEL"},"content":{"rendered":"<h4><span style=\"color: #000000;\">En las \u00faltimas horas se confirm\u00f3, mediante el bolet\u00edn oficial, que se cerrar\u00e1 la delegaci\u00f3n de la Direcci\u00f3n Nacional de Migraciones que funciona en el vecino departamento.<\/span><\/h4>\n<p><span style=\"color: #000000;\">La disposici\u00f3n oficial afecta a tres dependencias en el pa\u00eds, entre ellos puntos donde existe un importante nivel de poblaci\u00f3n inmigrante como en San Rafael, El Calafate en Santa Cruz y Paso de los Libres en la provincia de Corrientes.<\/span><\/p>\n<p><span style=\"color: #000000;\"><span class=\"sigijh_hlt sigijh_animateMe\">Seg\u00fan la normativa, el cierre de las mismas se produce por el <em><strong>\u201cescaso n\u00famero de tr\u00e1mites\u201d q<\/strong><\/em>ue se gestionan en estos espacios. <\/span>En San Rafael la actividad se centra en las oficinas ubicadas en la Avenida Libertador N\u00b0 293<\/span><\/p>\n<p><span style=\"color: #000000;\">Seg\u00fan los considerandos de la disposici\u00f3n 1627, el <strong>Gobierno facult\u00f3 a las delegaciones Corrientes, Mendoza y R\u00edo Gallegos a reasumir las funciones encomendadas y a gestionar las tramitaciones pendientes en las tres oficinas migratorias que decidieron cerrar.<\/strong><\/span><\/p>\n<p><span style=\"color: #000000;\">Asimismo, ser\u00e1n las encargadas de reasignar el patrimonio y el personal que dependen administrativamente de esas oficinas.<\/span><\/p>\n<p><span style=\"color: #000000;\">La disposici\u00f3n por <em><strong>\u00bbmotivos de racionalidad y econom\u00eda administrativa\u00bb<\/strong><\/em> vuelve a cerrar otra oficina descentralizada en el departamento.<\/span><\/p>\n<p><span style=\"color: #000000;\">En apenas 6 meses del gobierno de Javier Milei, en San Rafael ya ha cerrado una sucursal del Correo Argentino en Real del Padre y est\u00e1 presta a dejar de funcionar la sede del Centro de Acceso a la Justicia.<\/span><\/p>\n","protected":false},"excerpt":{"rendered":"<p>En las \u00faltimas horas se confirm\u00f3, mediante el bolet\u00edn oficial, que se cerrar\u00e1 la delegaci\u00f3n de la Direcci\u00f3n Nacional de Migraciones &#8230;<\/p>\n","protected":false},"author":7,"featured_media":136477,"comment_status":"open","ping_status":"open","sticky":false,"template":"","format":"standard","meta":{"footnotes":""},"categories":[1],"tags":[],"class_list":["post-136476","post","type-post","status-publish","format-standard","has-post-thumbnail","hentry","category-fmvinas"],"_links":{"self":[{"href":"https:\/\/vinasfm.com\/noticias\/wp-json\/wp\/v2\/posts\/136476","targetHints":{"allow":["GET"]}}],"collection":[{"href":"https:\/\/vinasfm.com\/noticias\/wp-json\/wp\/v2\/posts"}],"about":[{"href":"https:\/\/vinasfm.com\/noticias\/wp-json\/wp\/v2\/types\/post"}],"author":[{"embeddable":true,"href":"https:\/\/vinasfm.com\/noticias\/wp-json\/wp\/v2\/users\/7"}],"replies":[{"embeddable":true,"href":"https:\/\/vinasfm.com\/noticias\/wp-json\/wp\/v2\/comments?post=136476"}],"version-history":[{"count":1,"href":"https:\/\/vinasfm.com\/noticias\/wp-json\/wp\/v2\/posts\/136476\/revisions"}],"predecessor-version":[{"id":136478,"href":"https:\/\/vinasfm.com\/noticias\/wp-json\/wp\/v2\/posts\/136476\/revisions\/136478"}],"wp:featuredmedia":[{"embeddable":true,"href":"https:\/\/vinasfm.com\/noticias\/wp-json\/wp\/v2\/media\/136477"}],"wp:attachment":[{"href":"https:\/\/vinasfm.com\/noticias\/wp-json\/wp\/v2\/media?parent=136476"}],"wp:term":[{"taxonomy":"category","embeddable":true,"href":"https:\/\/vinasfm.com\/noticias\/wp-json\/wp\/v2\/categories?post=136476"},{"taxonomy":"post_tag","embeddable":true,"href":"https:\/\/vinasfm.com\/noticias\/wp-json\/wp\/v2\/tags?post=136476"}],"curies":[{"name":"wp","href":"https:\/\/api.w.org\/{rel}","templated":true}]}}