{"id":136469,"date":"2024-06-18T10:30:17","date_gmt":"2024-06-18T13:30:17","guid":{"rendered":"https:\/\/vinasfm.com\/noticias\/?p=136469"},"modified":"2024-06-19T10:01:55","modified_gmt":"2024-06-19T13:01:55","slug":"villa-atuel-choque-en-cadena-pero-sin-lesionados","status":"publish","type":"post","link":"https:\/\/vinasfm.com\/noticias\/villa-atuel-choque-en-cadena-pero-sin-lesionados\/","title":{"rendered":"VILLA ATUEL: CHOQUE EN CADENA PERO SIN LESIONADOS"},"content":{"rendered":"<h4><span style=\"color: #000000;\">Un choque en cadena entre tres veh\u00edculos se produjo ayer en Villa Atuel aunque, por fortuna, no hubo que lamentar personas lesionadas.<\/span><\/h4>\n<p><span style=\"color: #000000;\">El siniestro vial ocurri\u00f3 durante la tarde del lunes sobre la ruta nacional 143, unos kil\u00f3metros al este de la curva de Colonia L\u00f3pez, en Villa Atuel.<\/span><\/p>\n<p><span style=\"color: #000000;\">All\u00ed, un Chevrolet habr\u00eda disminuido la velocidad para ingresar a una finca y un Renault Latitude debi\u00f3 frenar repentinamente, lo que ocasion\u00f3 que un cami\u00f3n Iveco no lograra el mismo objetivo y chocara a los dos veh\u00edculos anteriores.<\/span><\/p>\n<p><span style=\"color: #000000;\">El Chevrolet termin\u00f3 en un bajo al costado de la ruta. Pese a la espectacularidad del choque, no hubo que lamentar a personas heridas, solo los da\u00f1os materiales de los rodados.<\/span><\/p>\n","protected":false},"excerpt":{"rendered":"<p>Un choque en cadena entre tres veh\u00edculos se produjo ayer en Villa Atuel aunque, por fortuna, no hubo que lamentar personas &#8230;<\/p>\n","protected":false},"author":7,"featured_media":136470,"comment_status":"open","ping_status":"open","sticky":false,"template":"","format":"standard","meta":{"footnotes":""},"categories":[5,184],"tags":[],"class_list":["post-136469","post","type-post","status-publish","format-standard","has-post-thumbnail","hentry","category-actualidad","category-siniestro-vial"],"_links":{"self":[{"href":"https:\/\/vinasfm.com\/noticias\/wp-json\/wp\/v2\/posts\/136469","targetHints":{"allow":["GET"]}}],"collection":[{"href":"https:\/\/vinasfm.com\/noticias\/wp-json\/wp\/v2\/posts"}],"about":[{"href":"https:\/\/vinasfm.com\/noticias\/wp-json\/wp\/v2\/types\/post"}],"author":[{"embeddable":true,"href":"https:\/\/vinasfm.com\/noticias\/wp-json\/wp\/v2\/users\/7"}],"replies":[{"embeddable":true,"href":"https:\/\/vinasfm.com\/noticias\/wp-json\/wp\/v2\/comments?post=136469"}],"version-history":[{"count":1,"href":"https:\/\/vinasfm.com\/noticias\/wp-json\/wp\/v2\/posts\/136469\/revisions"}],"predecessor-version":[{"id":136471,"href":"https:\/\/vinasfm.com\/noticias\/wp-json\/wp\/v2\/posts\/136469\/revisions\/136471"}],"wp:featuredmedia":[{"embeddable":true,"href":"https:\/\/vinasfm.com\/noticias\/wp-json\/wp\/v2\/media\/136470"}],"wp:attachment":[{"href":"https:\/\/vinasfm.com\/noticias\/wp-json\/wp\/v2\/media?parent=136469"}],"wp:term":[{"taxonomy":"category","embeddable":true,"href":"https:\/\/vinasfm.com\/noticias\/wp-json\/wp\/v2\/categories?post=136469"},{"taxonomy":"post_tag","embeddable":true,"href":"https:\/\/vinasfm.com\/noticias\/wp-json\/wp\/v2\/tags?post=136469"}],"curies":[{"name":"wp","href":"https:\/\/api.w.org\/{rel}","templated":true}]}}