{"id":136467,"date":"2024-06-18T10:01:02","date_gmt":"2024-06-18T13:01:02","guid":{"rendered":"https:\/\/vinasfm.com\/noticias\/?p=136467"},"modified":"2024-06-19T10:02:11","modified_gmt":"2024-06-19T13:02:11","slug":"como-continua-el-servicio-de-recoleccion-de-residuos","status":"publish","type":"post","link":"https:\/\/vinasfm.com\/noticias\/como-continua-el-servicio-de-recoleccion-de-residuos\/","title":{"rendered":"C\u00d3MO CONTIN\u00daA EL SERVICIO DE RECOLECCI\u00d3N DE RESIDUOS"},"content":{"rendered":"<h4><span style=\"color: #000000;\">Los argentinos acabamos de transitar un nuevo fin de semana largo pero, a partir del jueves, tendremos otro de 4 d\u00edas.<\/span><\/h4>\n<p><span style=\"color: #000000;\">En dialogo con FM VI\u00d1AS, el director de Servicios P\u00fablicos Mauricio Mart\u00ednez dio indicaciones sobre c\u00f3mo actuar\u00e1 el servicio de recolecci\u00f3n de residuos. Si bien durante el d\u00eda lunes se trabaj\u00f3 media jornada, <em><strong>\u201cel d\u00eda martes y mi\u00e9rcoles se trabajar\u00e1 en el horario habitual\u201d<\/strong><\/em>, se\u00f1al\u00f3 Mart\u00ednez y agreg\u00f3 que <em><strong>\u201cel d\u00eda jueves el servicio no funcionar\u00e1 pero la actividad se retomar\u00e1 el d\u00eda viernes\u201d.<\/strong><\/em><\/span><\/p>\n<p><span style=\"color: #000000;\">As\u00ed mismo se\u00f1al\u00f3 que, <em><strong>\u201cse estima que, debido a que los vecinos se preparan para el cese de actividad, el d\u00eda viernes el recorrido ser\u00e1 mucho m\u00e1s r\u00e1pido\u201d.<\/strong><\/em> Por \u00faltimo, el director de Servicios P\u00fablicos solicit\u00f3 <strong><em>\u201crespetar los horarios del servicio de recolecci\u00f3n de residuos porque as\u00ed se logra mantener limpia la ciudad y facilita el trabajo de los recolectores\u201d.<\/em><\/strong><\/span><\/p>\n<h2>SERVICIO DE RECOLECCI\u00d3N DE RESIDUOS<\/h2>\n<h3>TIPO A<\/h3>\n<ul>\n<li>Martes 18: <span style=\"color: #008000;\"><strong>horario normal<\/strong><\/span><\/li>\n<li>Mi\u00e9rcoles 19: <span style=\"color: #008000;\"><strong>horario normal<\/strong><\/span><\/li>\n<li>Jueves 20: <strong><span style=\"color: #800000;\">sin recolecci\u00f3n<\/span><\/strong><\/li>\n<li>Viernes 21: <strong><span style=\"color: #0000ff;\">medio d\u00eda<\/span><\/strong><\/li>\n<li>S\u00e1bado 22: <strong><span style=\"color: #0000ff;\">medio d\u00eda<\/span><\/strong><\/li>\n<\/ul>\n<h3>TIPO B<\/h3>\n<ul>\n<li>Martes 18: <span style=\"color: #008000;\"><strong>horario normal<\/strong><\/span><\/li>\n<li>Mi\u00e9rcoles 19: <span style=\"color: #008000;\"><strong>horario normal<\/strong><\/span><\/li>\n<li>Jueves 20: <strong><span style=\"color: #800000;\">sin recolecci\u00f3n<\/span><\/strong><\/li>\n<li>Viernes 21: <strong><span style=\"color: #0000ff;\">medio d\u00eda<\/span><\/strong><\/li>\n<li>S\u00e1bado 22: <strong><span style=\"color: #0000ff;\">medio d\u00eda<\/span><\/strong><\/li>\n<\/ul>\n","protected":false},"excerpt":{"rendered":"<p>Los argentinos acabamos de transitar un nuevo fin de semana largo pero, a partir del jueves, tendremos otro de 4 d\u00edas. &#8230;<\/p>\n","protected":false},"author":7,"featured_media":21447,"comment_status":"open","ping_status":"open","sticky":false,"template":"","format":"standard","meta":{"footnotes":""},"categories":[5,68],"tags":[],"class_list":["post-136467","post","type-post","status-publish","format-standard","has-post-thumbnail","hentry","category-actualidad","category-servicios"],"_links":{"self":[{"href":"https:\/\/vinasfm.com\/noticias\/wp-json\/wp\/v2\/posts\/136467","targetHints":{"allow":["GET"]}}],"collection":[{"href":"https:\/\/vinasfm.com\/noticias\/wp-json\/wp\/v2\/posts"}],"about":[{"href":"https:\/\/vinasfm.com\/noticias\/wp-json\/wp\/v2\/types\/post"}],"author":[{"embeddable":true,"href":"https:\/\/vinasfm.com\/noticias\/wp-json\/wp\/v2\/users\/7"}],"replies":[{"embeddable":true,"href":"https:\/\/vinasfm.com\/noticias\/wp-json\/wp\/v2\/comments?post=136467"}],"version-history":[{"count":1,"href":"https:\/\/vinasfm.com\/noticias\/wp-json\/wp\/v2\/posts\/136467\/revisions"}],"predecessor-version":[{"id":136468,"href":"https:\/\/vinasfm.com\/noticias\/wp-json\/wp\/v2\/posts\/136467\/revisions\/136468"}],"wp:featuredmedia":[{"embeddable":true,"href":"https:\/\/vinasfm.com\/noticias\/wp-json\/wp\/v2\/media\/21447"}],"wp:attachment":[{"href":"https:\/\/vinasfm.com\/noticias\/wp-json\/wp\/v2\/media?parent=136467"}],"wp:term":[{"taxonomy":"category","embeddable":true,"href":"https:\/\/vinasfm.com\/noticias\/wp-json\/wp\/v2\/categories?post=136467"},{"taxonomy":"post_tag","embeddable":true,"href":"https:\/\/vinasfm.com\/noticias\/wp-json\/wp\/v2\/tags?post=136467"}],"curies":[{"name":"wp","href":"https:\/\/api.w.org\/{rel}","templated":true}]}}