{"id":136465,"date":"2024-06-18T09:51:55","date_gmt":"2024-06-18T12:51:55","guid":{"rendered":"https:\/\/vinasfm.com\/noticias\/?p=136465"},"modified":"2024-06-19T10:02:22","modified_gmt":"2024-06-19T13:02:22","slug":"rio-atuel-en-medio-del-conflicto-con-la-pampa-cornejo-designo-a-nuevos-representantes-en-el-ciai","status":"publish","type":"post","link":"https:\/\/vinasfm.com\/noticias\/rio-atuel-en-medio-del-conflicto-con-la-pampa-cornejo-designo-a-nuevos-representantes-en-el-ciai\/","title":{"rendered":"R\u00cdO ATUEL: EN MEDIO DEL CONFLICTO CON LA PAMPA, CORNEJO DESIGN\u00d3 A NUEVOS REPRESENTANTES EN EL CIAI"},"content":{"rendered":"<h4 class=\"h3 col-12 md-col-8 font-src black-3 mb1\">Habr\u00e1 siete miembros titulares y otros siete suplentes. C\u00f3mo siguen las medidas judiciales entre ambas provincias.<\/h4>\n<p>El\u00a0<b>gobernador Alfredo Cornejo<\/b>\u00a0design\u00f3 nuevos representantes por parte de\u00a0<b>Mendoza\u00a0<\/b>en la\u00a0<b>Comisi\u00f3n Interprovincial del Atuel Inferior (CIAI)<\/b>, en momentos en los cuales La Pampa reabri\u00f3 la embestida judicial dentro del\u00a0<b>conflicto con la provincia por las aguas del r\u00edo Atuel.<\/b><\/p>\n<p>Seg\u00fan qued\u00f3 expuesto en el\u00a0<a href=\"https:\/\/boe.mendoza.gov.ar\/publico\/pdf_pedido\/39b2a841febdb5678b7342b143235ca24af934d117\" target=\"_blank\" rel=\"noopener\"><b>decreto 1115 del Bolet\u00edn Oficial<\/b><\/a>\u00a0de este martes, en representaci\u00f3n de Mendoza habr\u00e1<b>\u00a07 miembros titulares<\/b>, que ser\u00e1n los siguientes:<\/p>\n<ul>\n<li><b>1. LIC. MARIA TERESA BADU\u00cd-<\/b>\u00a0Subsecretaria de Infraestructura y Desarrollo Territorial del Ministerio de Gobierno, Infraestructura y Desarrollo Territorial.<\/li>\n<li><b>2. ING. AGR. SERGIO LEANDRO MARINELLI\u00a0<\/b>&#8211; Superintendente General de Irrigaci\u00f3n.<\/li>\n<li><b>3. DR. FERNANDO SIM\u00d3N<\/b>\u00a0&#8211; Fiscal de Estado.<\/li>\n<li><b>4. DR. RICARDO CANET\u00a0<\/b>&#8211; Asesor de Gobierno.<\/li>\n<li><b>5. DRA. JIMENA LATORRE<\/b>\u00a0&#8211; Ministra de Energ\u00eda y Ambiente.<\/li>\n<li><b>6. ING. JOS\u00c9 MORABITO &#8211;\u00a0<\/b>Claustro Universitario.<\/li>\n<li><b>7. SR. FERNANDO CORDERO\u00a0<\/b>&#8211; Representante de la C\u00e1mara de Comercio, Industria, Agricultura y Ganader\u00eda de General Alvear.<\/li>\n<\/ul>\n<article class=\"article  card\">\n<div class=\"article-inner \">\n<div class=\"article-image \">En tanto, tambi\u00e9n habr\u00e1 un conjunto de miembros suplentes, que podr\u00e1n integrar la representaci\u00f3n oficial por Mendoza \u201cen caso de ausencia de alguno de los titulares designados\u201d, tal como establece el art\u00edculo 2. Ellos son:<\/div>\n<\/div>\n<\/article>\n<div><\/div>\n<div>\n<ul>\n<li><b>1. DR. FACUNDO DIAZ ARAUJO\u00a0<\/b>&#8211; Asesor\u00eda de Gobierno.<\/li>\n<li><b>2. DR. MAURICIO PINTO\u00a0<\/b>&#8211; Fiscal\u00eda de Estado.<\/li>\n<li><b>3. DRA. M\u00d3NICA M. ANDINO<\/b>\u00a0&#8211; Departamento General de Irrigaci\u00f3n.<\/li>\n<li><b>4. ING. RAFAEL PEREYRA\u00a0<\/b>&#8211; Departamento General de Irrigaci\u00f3n.<\/li>\n<li><b>5. DR. GUSTAVO VILLEGAS<\/b>\u00a0&#8211; Departamento General de Irrigaci\u00f3n.<\/li>\n<li><b>6. ING. FERNANDO GOMENSORO<\/b>\u00a0&#8211; Claustro Universitario.<\/li>\n<li><b>7. SR. ALBERTO LARREGOLA<\/b>\u00a0&#8211; Representante de la C\u00e1mara de Comercio, Industria, Agricultura y Ganader\u00eda de General Alvear, Federaci\u00f3n Agraria Argentina y C\u00e1mara de Comercio de San Rafael.<\/li>\n<\/ul>\n<p>Por otro lado, desde el\u00a0<b>Senado Provincial, el representante ser\u00e1 el exintendente de General Alvear, Walther Marcolini;<\/b>\u00a0mientras que desde la<b>\u00a0C\u00e1mara Baja, ser\u00e1 el radical Franco Ambrosini.<\/b><\/p>\n<p>Entre las justificaciones que motivaron las nuevas designaciones, desde el\u00a0<b>Gobierno Provincial\u00a0<\/b>indicaron que, \u201ces necesario adecuar y actualizar la representaci\u00f3n mendocina ante el\u00a0<b>Comit\u00e9 Ejecutivo<\/b>, a fin de permitir su adecuado funcionamiento\u201d, en funci\u00f3n de las actualizaciones en la cruzada judicial de\u00a0<b>La Pampa<\/b>\u00a0contra\u00a0<b>Mendoza<\/b>.<\/p>\n<p>Teniendo en cuenta la\u00a0<a href=\"https:\/\/boe.mendoza.gov.ar\/publico\/verpdf\/31178\" target=\"_blank\" rel=\"noopener\"><b>designaci\u00f3n que realiz\u00f3 el exgobernador Rodolfo Su\u00e1rez en 2020 para el CIAI<\/b><\/a>, quedaron fuera de los miembros titulares los<b>\u00a0exministros de Gobierno, V\u00edctor Ib\u00e1\u00f1ez; y de Infraestructura, Mario Isgr\u00f3<\/b>; as\u00ed como tambi\u00e9n\u00a0<b>Larr\u00e9gola<\/b>, quien ahora es suplente.<\/p>\n<h2 class=\"\">EL CONFLICTO ENTRE MENDOZA Y LA PAMPA<\/h2>\n<p>Si bien la lucha judicial entre ambas provincias lleva d\u00e9cadas, en los \u00faltimos meses\u00a0<b>La Pampa<\/b>\u00a0elabor\u00f3 un informe que present\u00f3 ante el\u00a0<b>CIAI<\/b>, en el cual asegura que\u00a0<b>Mendoza\u00a0<\/b>\u201cmalgasta\u201d el recurso h\u00eddrico. En este sentido, presiona<b>\u00a0<\/b>para que\u00a0<b>Mendoza\u00a0<\/b>ceda el caudal de 3,2 m3\/s en el l\u00edmite interprovincial sin la necesidad de m\u00e1s obras para eficientizar el uso del agua.<\/p>\n<p>Como respuesta, los\u00a0<b>intendentes de San Rafael, Omar F\u00e9lix; General Alvear, Alejandro Molero; y Malarg\u00fce, Celso Jaque<\/b>,\u00a0<a href=\"https:\/\/www.losandes.com.ar\/politica\/cumbre-de-intendentes-surenos-tras-la-nueva-avanzada-de-la-pampa-por-las-aguas-del-atuel\/\" target=\"_blank\" rel=\"noopener\"><b>sentaron una fuerte postura en defensa de los intereses de Mendoza<\/b><\/a>.<\/p>\n<p>El\u00a0<b>fallo de la Corte Suprema del 2020<\/b>, Mendoza deber\u00e1 garantizar un caudal de\u00a0<b>3,2m3\/s a la altura de Vinchuqueros<\/b>, en el l\u00edmite interprovincial. No obstante, desde la provincia recuerdan otro fallo, el de 1987, en el cual el m\u00e1ximo tribunal de Justicia fij\u00f3 que Mendoza tiene potestad para regar al menos 75.000 hect\u00e1reas antes de enviar agua a La Pampa.<\/p>\n<p>Pero nada de esto ha pasado. Seg\u00fan\u00a0<b>Francisco Mondotte<\/b>,\u00a0<b>director General de Asuntos Gubernamentales, Mendoza\u00a0<\/b>solamente tiene empadronadas 55.000 hect\u00e1reas de productores, \u201cy no se alcanzan a regar\u201d, por lo que, naturalmente, tampoco se asegura el caudal exigido hacia La Pampa.<\/p>\n<p>La salida de este problema, para el<b>\u00a0Gobierno de Mendoza<\/b>, es la realizaci\u00f3n de obras p\u00fablicas para mejorar la eficiencia y el manejo del agua, desde su nacimiento, hasta el l\u00edmite con La Pampa. No obstante, estas obras deber\u00edan ser enfrentadas con recursos no s\u00f3lo de Mendoza, sino tambi\u00e9n de La Pampa y de la Naci\u00f3n, tal como establece la postura del Ejecutivo mendocino.<\/p>\n<p>Mondotte tambi\u00e9n ampli\u00f3 que la provincia ha presentado\u00a0<b>\u201cen 5 oportunidades\u201d un plan de 25 obras tripartitas<\/b>, a los efectos de poder resolver esta situaci\u00f3n. Pero La Pampa no ha aceptado ninguna, con lo cual hay una voluntad obstruccionista\u201d, enfatiz\u00f3.<\/p>\n<h2 class=\"\">LA RESPUESTA DE LA PAMPA<\/h2>\n<p>Quien sali\u00f3 a dar su postura desde la provincia vecina fue<b>\u00a0Jos\u00e9 Gobbi, director de Recursos H\u00eddricos de La Pampa<\/b>, quien puso \u00e9nfasis en los \u201cda\u00f1os ambientales que se le han producido a la provincia en funci\u00f3n de no tener escorrent\u00eda fluvial durante d\u00e9cadas\u201d; y que pretenden \u201cque se cumpla el fallo de la Corte\u201d.<\/p>\n<p>Seg\u00fan consider\u00f3 Gobbi en di\u00e1logo con<b>\u00a0radio Mitre Mendoza<\/b>, es que \u201ctal vez no hay una buena predisposici\u00f3n y una voluntad a cumplir con un fallo y con un planteo de solidaridad\u201d.<\/p>\n<p>\u201cHemos sido los perjudicados en esta situaci\u00f3n a lo largo de d\u00e9cadas y muchas veces se nos vende como los malos de la pel\u00edcula\u201d, se defendi\u00f3.<\/p>\n<p>Con respecto al<a href=\"https:\/\/www.losandes.com.ar\/politica\/estas-son-las-obras-que-ha-propuesto-mendoza-a-la-pampa-para-mejorar-el-caudal-del-rio-atuel\/\" target=\"_blank\" rel=\"noopener\"><b>\u00a0plan de 25 obras<\/b><\/a>\u00a0que ha presentado\u00a0<b>Mendoza<\/b>,\u00a0<b>Gobbi\u00a0<\/b>mencion\u00f3 que han \u201cdemostrado cient\u00edficamente que es factible de cumplir con el fallo del 2017 sin necesidad de obras\u201d.<\/p>\n<p>\u201cHay una cuesti\u00f3n \u00e9tica y moral en este sentido de justicia que a los pampeanos se nos restituya el agua del Atuel, porque en esta situaci\u00f3n hay una realidad, el r\u00edo Atuel corre por territorio pampeano y hoy no corre m\u00e1s, consecuentemente nosotros podemos decir que Mendoza se est\u00e1 apropiando de de aguas pampeanas, esa es la realidad\u201d, lanz\u00f3.<\/p>\n<p>Y cerr\u00f3: \u201cSe nos ha dicho que nos victimizamos, pero en realidad los que sufrimos los da\u00f1os ambientales, las familias que han tenido que ver a sus hijos emigrar del lugar por falta de oportunidades productivas porque se le cambiaron de medios de vida, hemos sido los pampeanos. Entonces aqu\u00ed hay necesidad de hacer justicia\u201d.<\/p>\n<h2 class=\"\">LAS 25 OBRAS QUE PRESENT\u00d3 MENDOZA A LA PAMPA<\/h2>\n<p><b>Mendoza\u00a0<\/b>con su experiencia h\u00eddrica, realiz\u00f3 estudios b\u00e1sicos y dise\u00f1o de gabinete que ha permitido estimar<b>\u00a025 alternativas<\/b>, las cuales se seleccionaron y priorizaron por la metodolog\u00eda de\u00a0<b>Eva<\/b><b>luaci\u00f3n de la Sostenibilidad de los Sistemas Agr\u00edcolas y Alimentarios (SAFA)<\/b>\u00a0propuesta por la Organizaci\u00f3n de las Naciones Unidas para la Agricultura y la Alimentaci\u00f3n (FAO) para comparar obras y priorizar las m\u00e1s sustentables por medio de indicadores.<\/p>\n<ul>\n<li>1-<b>PERFORACIONES<\/b><\/li>\n<\/ul>\n<p>El \u00e1rea de influencia corresponde a todo el sector de la cuenca del Atuel. Se han localizado 23 perforaciones y desarrollado a nivel ejecutivo. Cada perforaci\u00f3n ir\u00eda a 200 m de profundidad aproximadamente y se estima que aporte un caudal no menor a 40 l\/s por cada perforaci\u00f3n y promedio de 50 l\/s.<\/p>\n<p>Las\u00a0<b>23 perforaciones<\/b>\u00a0aportar\u00edan cerca de\u00a0<b>1 m3\/s de manera permanente<\/b>. El proyecto busca incrementar la oferta de agua en la cuenca.<\/p>\n<ul>\n<li>2-<b>ENCAUCES\/REVESTIMIENTOS TRAMO CARMENSA-VINCHUQUEROS.<\/b><\/li>\n<\/ul>\n<p>El \u00e1rea de influencia corresponde a todo el sector del<b>\u00a0r\u00edo Atuel entre Carmensa y Puente Vinchuqueros<\/b>, incidiendo directamente en los caudales que llegan a territorio pampeano.<\/p>\n<p>En el tramo, existen una gran cantidad de meandros que podr\u00edan rectificarse en algunos tramos individualizados (que naturalmente ocurre) mejora la conducci\u00f3n, disminuye las p\u00e9rdidas. Por la caracter\u00edstica de todo el tramo de r\u00edo la acci\u00f3n de intervenci\u00f3n \u201cser\u00eda m\u00ednima\u201d. El tramo mencionado \u201cpueden encauzarse y revestirse con membrana soterrada u otro con una eficiencia econ\u00f3mica (costo por hm3\/a\u00f1o recuperado) mejor al promedio\u201d.<\/p>\n<ul>\n<li>3-<b>TRAMO SUPERIOR CANAL MARGINAL DEL ATUEL<\/b><\/li>\n<\/ul>\n<p>El \u00e1rea de proyecto se desarrolla a trav\u00e9s de los distritos sanrafaelinos de\u00a0<b>Rama Ca\u00edda, Las Malvinas y Villa Atuel, del Departamento de San Rafael<\/b>, aunque su influencia se extiende m\u00e1s all\u00e1 de estos.<\/p>\n<p>La obra considera dos etapas de intervenci\u00f3n, la primera se refiere a los trabajos en la solera del r\u00edo en una longitud de 5.5 km en el tramo del r\u00edo ubicada en la zona de inicio de las obras a la salida hacia la llanura del\u00a0<b>r\u00edo en Valle Grande<\/b>\u00a0y el correspondiente Azud de toma de canal Correa. La obra busca atenuar (no evitar) las p\u00e9rdidas por infiltraci\u00f3n, que aunque retornan aguas abajo por ser un r\u00edo ganador lo hacen con mayor salinidad.<\/p>\n<p>La segunda etapa de intervenci\u00f3n consiste en la construcci\u00f3n de un tramo de canal revestido en hormig\u00f3n armado de caracter\u00edsticas telesc\u00f3picas con derivadas a lo largo, con derivadas que incluyen obras singulares para su operaci\u00f3n, la longitud total de traza de 37.14 km. Su punto inicial se ubica en la zona final del sector del r\u00edo enmarcado por elevaciones, al inicio de la planicie irrigada, y su punto final en la actual toma del Canal Marginal en el paraje de\u00a0<b>La Guevarina, Departamento de San Rafael.<\/b><\/p>\n<p>El proyecto \u201cgenerar\u00e1 menores p\u00e9rdidas por infiltraci\u00f3n y una optimizaci\u00f3n de la eficiencia en la distribuci\u00f3n del sistema en general dado su aporte a una mejora en el servicio de entrega\u201d.<\/p>\n<ul>\n<li>4-<b>ESTUDIOS ZONA SOSNEADO &#8211; LA JUNTA<\/b><\/li>\n<\/ul>\n<p>La misma abarca\u00a0<b>zona del cauce rio Atuel\u00a0<\/b>desde la localidad de\u00a0<b>El Sosneado<\/b>\u00a0hacia el este y desde el cruce de la ruta 40 con el\u00a0<b>r\u00edo Salado\u00a0<\/b>con direcci\u00f3n al este hasta la unificaci\u00f3n de ambos cursos en uno solo, que cubre una superficie 50 km\u00b2 aproximadamente. Esta zona de caracter\u00edsticas de brazos entrelazados del r\u00edo, con suelos muy permeables y consecuentemente alta infiltraci\u00f3n.<\/p>\n<p>Se busca estudiar alternativas que permitan encauzar en un \u00fanico brazo.<\/p>\n<ul>\n<li>5-<b>TRASVASE R\u00cdO GRANDE A R\u00cdO ATUEL<\/b><\/li>\n<\/ul>\n<p>El \u00e1rea de influencia corresponde a toda la<b>\u00a0cuenca del Atuel\u00a0<\/b>y al sector superior de la cuenca del r\u00edo grande. Su impacto, sin embargo, se extiende a la cuenca del\u00a0<b>R\u00edo Colorado.<\/b><\/p>\n<p>Esta obra se trata de trasvasar caudales del\u00a0<b>R\u00edo Grande al R\u00edo Atuel.<\/b>\u00a0Se busca un trasvase de caudales reducidos, muy inferiores a la sumatoria de los cupos mendocino m\u00e1s pampeano que se encuentran en el tratado de\u00a0<b>COIRCO<\/b>.<\/p>\n<p>El proyecto busca incrementar la oferta del\u00a0<b>R\u00edo Atuel\u00a0<\/b>en pos de los objetivos de la manda del\u00a0<b>1 de diciembre 2017 y del fallo del a\u00f1o 1987<\/b>.<\/p>\n<ul>\n<li>6-<b>RESERVORIO REGULADOR L\u00cdMITE INTERPROVINCIAL<\/b><\/li>\n<\/ul>\n<p>El \u00e1rea de influencia corresponde a la\u00a0<b>cuenca del Atuel Inferior<\/b>\u00a0en la provincia de\u00a0<b>La Pampa.<\/b><\/p>\n<p>El funcionamiento hidr\u00e1ulico previsto consiste en tomar parte de los caudales correspondientes al r\u00edo en un punto superior al l\u00edmite interprovincial mediante una obra civil compuesta de compuertas de ataje.<\/p>\n<p>El objetivo del proyecto es regular las oscilaciones propias del r\u00edo luego de recorrer 280 km desde las obra de regulaci\u00f3n en Valle Grande, para mantener un caudal constante aguas debajo de 3.2 m\u00b3\/s<\/p>\n<ul>\n<li>7-<b>COMPLEMENTO PLAN DE OBRAS<\/b><\/li>\n<\/ul>\n<p>El plan de obras propuesto por\u00a0<b>Mendoza\u00a0<\/b>consta de<b>\u00a025 obras que en su gran mayor\u00eda \u201cconstaron con la aprobaci\u00f3n por parte de Naci\u00f3n\u201d, se\u00f1alaron desde el Ejecutivo local.<\/b><\/p>\n<\/div>\n<p>&nbsp;<\/p>\n<p>&nbsp;<\/p>\n<article class=\"article  card\">\n<div class=\"article-inner \">\n<div class=\"article-image \">\n<figure><\/figure>\n<\/div>\n<\/div>\n<\/article>\n","protected":false},"excerpt":{"rendered":"<p>Habr\u00e1 siete miembros titulares y otros siete suplentes. C\u00f3mo siguen las medidas judiciales entre ambas provincias. El\u00a0gobernador Alfredo Cornejo\u00a0design\u00f3 nuevos representantes &#8230;<\/p>\n","protected":false},"author":7,"featured_media":3558,"comment_status":"open","ping_status":"open","sticky":false,"template":"","format":"standard","meta":{"footnotes":""},"categories":[5,54],"tags":[],"class_list":["post-136465","post","type-post","status-publish","format-standard","has-post-thumbnail","hentry","category-actualidad","category-conflicto-con-la-pampa"],"_links":{"self":[{"href":"https:\/\/vinasfm.com\/noticias\/wp-json\/wp\/v2\/posts\/136465","targetHints":{"allow":["GET"]}}],"collection":[{"href":"https:\/\/vinasfm.com\/noticias\/wp-json\/wp\/v2\/posts"}],"about":[{"href":"https:\/\/vinasfm.com\/noticias\/wp-json\/wp\/v2\/types\/post"}],"author":[{"embeddable":true,"href":"https:\/\/vinasfm.com\/noticias\/wp-json\/wp\/v2\/users\/7"}],"replies":[{"embeddable":true,"href":"https:\/\/vinasfm.com\/noticias\/wp-json\/wp\/v2\/comments?post=136465"}],"version-history":[{"count":1,"href":"https:\/\/vinasfm.com\/noticias\/wp-json\/wp\/v2\/posts\/136465\/revisions"}],"predecessor-version":[{"id":136466,"href":"https:\/\/vinasfm.com\/noticias\/wp-json\/wp\/v2\/posts\/136465\/revisions\/136466"}],"wp:featuredmedia":[{"embeddable":true,"href":"https:\/\/vinasfm.com\/noticias\/wp-json\/wp\/v2\/media\/3558"}],"wp:attachment":[{"href":"https:\/\/vinasfm.com\/noticias\/wp-json\/wp\/v2\/media?parent=136465"}],"wp:term":[{"taxonomy":"category","embeddable":true,"href":"https:\/\/vinasfm.com\/noticias\/wp-json\/wp\/v2\/categories?post=136465"},{"taxonomy":"post_tag","embeddable":true,"href":"https:\/\/vinasfm.com\/noticias\/wp-json\/wp\/v2\/tags?post=136465"}],"curies":[{"name":"wp","href":"https:\/\/api.w.org\/{rel}","templated":true}]}}