{"id":136458,"date":"2024-06-18T09:40:20","date_gmt":"2024-06-18T12:40:20","guid":{"rendered":"https:\/\/vinasfm.com\/noticias\/?p=136458"},"modified":"2024-06-19T10:02:34","modified_gmt":"2024-06-19T13:02:34","slug":"gestion-ambiental-trabajo-en-diferentes-programas-en-la-escuela-del-paraje-corral-de-lorca","status":"publish","type":"post","link":"https:\/\/vinasfm.com\/noticias\/gestion-ambiental-trabajo-en-diferentes-programas-en-la-escuela-del-paraje-corral-de-lorca\/","title":{"rendered":"GESTI\u00d3N AMBIENTAL TRABAJ\u00d3 EN DIFERENTES PROGRAMAS EN LA ESCUELA DEL PARAJE CORRAL DE LORCA"},"content":{"rendered":"<h4>La Escuela N\u00b0 8-332 Jos\u00e9 Musale de Corral de Lorca trabaja en el proyecto de realizaci\u00f3n de su propia huerta escolar y participa del programa Puntos de Compost, hasta all\u00ed lleg\u00f3 personal de la Asesor\u00eda de Gesti\u00f3n Ambiental de la Municipalidad para brindarles material, charlas y herramientas para las diferentes actividades.<\/h4>\n<p>Denis Rabanal, asesor de Gesti\u00f3n Ambiental mencion\u00f3 <em><strong>\u201cestamos realizando diferentes actividades en esta oportunidad en la escuela Musale del Paraje Corral de Lorca, la idea es aplicar los diferentes programas que estamos trabajando en las otras escuelas\u201d.<\/strong><\/em><\/p>\n<p>El programa Punto Compost y La Huerta en tu Escuela, tiene como objetivo tener una huerta agroecol\u00f3gica en la escuela para ingerir alimentos sanos y con nutrientes. Tambi\u00e9n tenemos charlas con los docentes, alumnos e intercambiamos ideas.<\/p>\n<p><a href=\"https:\/\/vinasfm.com\/noticias\/wp-content\/uploads\/2024\/06\/WhatsApp-Image-2024-06-18-at-09.31.19.jpeg\"><img loading=\"lazy\" decoding=\"async\" class=\"alignnone wp-image-136461\" src=\"https:\/\/vinasfm.com\/noticias\/wp-content\/uploads\/2024\/06\/WhatsApp-Image-2024-06-18-at-09.31.19-1024x682.jpeg\" alt=\"\" width=\"400\" height=\"267\" srcset=\"https:\/\/vinasfm.com\/noticias\/wp-content\/uploads\/2024\/06\/WhatsApp-Image-2024-06-18-at-09.31.19-1024x682.jpeg 1024w, https:\/\/vinasfm.com\/noticias\/wp-content\/uploads\/2024\/06\/WhatsApp-Image-2024-06-18-at-09.31.19-300x200.jpeg 300w, https:\/\/vinasfm.com\/noticias\/wp-content\/uploads\/2024\/06\/WhatsApp-Image-2024-06-18-at-09.31.19-768x512.jpeg 768w, https:\/\/vinasfm.com\/noticias\/wp-content\/uploads\/2024\/06\/WhatsApp-Image-2024-06-18-at-09.31.19-1536x1023.jpeg 1536w, https:\/\/vinasfm.com\/noticias\/wp-content\/uploads\/2024\/06\/WhatsApp-Image-2024-06-18-at-09.31.19.jpeg 1600w\" sizes=\"auto, (max-width: 400px) 100vw, 400px\" \/><\/a> <a href=\"https:\/\/vinasfm.com\/noticias\/wp-content\/uploads\/2024\/06\/WhatsApp-Image-2024-06-18-at-09.31.16-1.jpeg\"><img loading=\"lazy\" decoding=\"async\" class=\"alignnone wp-image-136463\" src=\"https:\/\/vinasfm.com\/noticias\/wp-content\/uploads\/2024\/06\/WhatsApp-Image-2024-06-18-at-09.31.16-1-1024x682.jpeg\" alt=\"\" width=\"400\" height=\"267\" srcset=\"https:\/\/vinasfm.com\/noticias\/wp-content\/uploads\/2024\/06\/WhatsApp-Image-2024-06-18-at-09.31.16-1-1024x682.jpeg 1024w, https:\/\/vinasfm.com\/noticias\/wp-content\/uploads\/2024\/06\/WhatsApp-Image-2024-06-18-at-09.31.16-1-300x200.jpeg 300w, https:\/\/vinasfm.com\/noticias\/wp-content\/uploads\/2024\/06\/WhatsApp-Image-2024-06-18-at-09.31.16-1-768x512.jpeg 768w, https:\/\/vinasfm.com\/noticias\/wp-content\/uploads\/2024\/06\/WhatsApp-Image-2024-06-18-at-09.31.16-1-1536x1023.jpeg 1536w, https:\/\/vinasfm.com\/noticias\/wp-content\/uploads\/2024\/06\/WhatsApp-Image-2024-06-18-at-09.31.16-1.jpeg 1600w\" sizes=\"auto, (max-width: 400px) 100vw, 400px\" \/><\/a><\/p>\n<p>Adem\u00e1s de ense\u00f1arles a realizar su propio Compost, <em><strong>\u201c<\/strong><strong>es uno de los objetivos de nuestra \u00e1rea y tambi\u00e9n por pedido del Intendente Alejandro Molero, agreg\u00f3 el asesor, el llegar a todas las escuelas con este tipo de actividades para poder ense\u00f1arles, charlar sobre el cuidado del medio ambiente, sobre lo importante de comer sano y con nutrientes\u201d.<\/strong><\/em><\/p>\n<p><em><strong>\u201cTambi\u00e9n hemos colocado un colillero con el compromiso de volver cuando est\u00e9 lleno y nos llevamos un recipiente de pilas en desuso que est\u00e1 lleno, estamos muy conformes de c\u00f3mo est\u00e1n trabajando los chicos todas estas tem\u00e1ticas\u201d,<\/strong><\/em> expres\u00f3 Denis Rabanal.<\/p>\n<p>Noelia Lana, docente manifest\u00f3 <em><strong>\u201crecibimos a los chicos de gesti\u00f3n ambiental a quien les agradecemos que hayan llegado hasta nuestra escuela. Nos trajeron plantines de lechuga, acelga, repollo, frutilla y cebolla bajo la premisa de concientizar a los chicos de la importancia que es tener una huerta propia, tambi\u00e9n recibimos otras plantas de diferentes especies como \u00e1lamo que plantaremos con los chicos m\u00e1s adelante\u201d.<\/strong><\/em><\/p>\n<p><em><strong>\u201cNos explicaron como es el manejo, la planificaci\u00f3n del desarrollo de la huerta y luego entre todos la construimos, es muy significativo para nosotros esta actividad. En la escuela tenemos chicos albergados de nivel inicial hasta 14 a\u00f1os de edad, los chicos son muy colaborativos\u201d<\/strong><\/em><\/p>\n<p><em><strong>\u201cQuiero agradecer a la municipalidad porque adem\u00e1s de los conocimientos en Compost y la Huerta tambi\u00e9n nos trajeron pelotas, juegos y elementos de educaci\u00f3n f\u00edsica para que los chicos usen para recrearse y divertirse\u201d<\/strong><\/em>, finaliz\u00f3 la docente.<\/p>\n","protected":false},"excerpt":{"rendered":"<p>La Escuela N\u00b0 8-332 Jos\u00e9 Musale de Corral de Lorca trabaja en el proyecto de realizaci\u00f3n de su propia huerta escolar &#8230;<\/p>\n","protected":false},"author":7,"featured_media":136459,"comment_status":"open","ping_status":"open","sticky":false,"template":"","format":"standard","meta":{"footnotes":""},"categories":[5,192],"tags":[],"class_list":["post-136458","post","type-post","status-publish","format-standard","has-post-thumbnail","hentry","category-actualidad","category-gestion-ambiental"],"_links":{"self":[{"href":"https:\/\/vinasfm.com\/noticias\/wp-json\/wp\/v2\/posts\/136458","targetHints":{"allow":["GET"]}}],"collection":[{"href":"https:\/\/vinasfm.com\/noticias\/wp-json\/wp\/v2\/posts"}],"about":[{"href":"https:\/\/vinasfm.com\/noticias\/wp-json\/wp\/v2\/types\/post"}],"author":[{"embeddable":true,"href":"https:\/\/vinasfm.com\/noticias\/wp-json\/wp\/v2\/users\/7"}],"replies":[{"embeddable":true,"href":"https:\/\/vinasfm.com\/noticias\/wp-json\/wp\/v2\/comments?post=136458"}],"version-history":[{"count":3,"href":"https:\/\/vinasfm.com\/noticias\/wp-json\/wp\/v2\/posts\/136458\/revisions"}],"predecessor-version":[{"id":136464,"href":"https:\/\/vinasfm.com\/noticias\/wp-json\/wp\/v2\/posts\/136458\/revisions\/136464"}],"wp:featuredmedia":[{"embeddable":true,"href":"https:\/\/vinasfm.com\/noticias\/wp-json\/wp\/v2\/media\/136459"}],"wp:attachment":[{"href":"https:\/\/vinasfm.com\/noticias\/wp-json\/wp\/v2\/media?parent=136458"}],"wp:term":[{"taxonomy":"category","embeddable":true,"href":"https:\/\/vinasfm.com\/noticias\/wp-json\/wp\/v2\/categories?post=136458"},{"taxonomy":"post_tag","embeddable":true,"href":"https:\/\/vinasfm.com\/noticias\/wp-json\/wp\/v2\/tags?post=136458"}],"curies":[{"name":"wp","href":"https:\/\/api.w.org\/{rel}","templated":true}]}}