{"id":136429,"date":"2024-06-17T10:56:09","date_gmt":"2024-06-17T13:56:09","guid":{"rendered":"https:\/\/vinasfm.com\/noticias\/?p=136429"},"modified":"2024-06-18T10:30:44","modified_gmt":"2024-06-18T13:30:44","slug":"dia-del-escritor-una-semana-de-escrituras-talleres-y-homenajes-a-aquellos-que-dan-vida-historias-inimaginables","status":"publish","type":"post","link":"https:\/\/vinasfm.com\/noticias\/dia-del-escritor-una-semana-de-escrituras-talleres-y-homenajes-a-aquellos-que-dan-vida-historias-inimaginables\/","title":{"rendered":"D\u00cdA DEL ESCRITOR: UNA SEMANA DE ESCRITURAS, TALLERES Y HOMENAJES A AQUELLOS QUE DAN VIDA HISTORIAS INIMAGINABLES"},"content":{"rendered":"<h4><span style=\"color: #000000;\">Con una semana llena de actividades se celebr\u00f3 el d\u00eda de escritor en honor a aquellos apasionados de las letras que con sus pensamientos plasmados en papel, transportan a los lectores a mundos inimaginables. <\/span><\/h4>\n<p><span style=\"color: #000000;\">En esta fecha especial, se rinde homenaje a la creatividad, dedicaci\u00f3n y arte de todos aquellos que dan vida a historias que perduran en el tiempo y en el coraz\u00f3n de quienes las disfrutan.<\/span><\/p>\n<p><span style=\"color: #000000;\">Desde la Directora de Cultura, Mar\u00eda Delia Achetoni afirm\u00f3 <em><strong>\u201chemos trabajado sobre el d\u00eda del escritor durante toda la semana con actividades para todas las edades. Presentaci\u00f3n de libros para ni\u00f1os, otro para adolescentes, tambi\u00e9n talleres de edici\u00f3n y escritura de libros\u201d.<\/strong><\/em><\/span><\/p>\n<p><span style=\"color: #000000;\"><strong><em>\u201cHemos trabajado mucho en este d\u00eda; en Alvear tenemos muchos escritores que participan de diferentes asociaciones, hay para todos los gustos, tenemos escritores exquisitos que reci\u00e9n comienzan muchos adolescentes, otros que tienen mucha trayectoria y poseen reconocimientos y tambi\u00e9n est\u00e1n aquellos que lo hacen por distracci\u00f3n\u201d.<\/em><\/strong><\/span><\/p>\n<p><span style=\"color: #000000;\">Alejandro Fr\u00edas, Escritor, manifest\u00f3<em><strong> \u201cla importancia no est\u00e1 en m\u00ed por supuesto que agradezco la invitaci\u00f3n, sino que est\u00e1 en la convocatoria del municipio; un municipio que le dedica una semana a realizar actividades sobre letras ya eso dice mucho\u201d.<\/strong><\/em><\/span><\/p>\n<p><span style=\"color: #000000;\"><strong>\u201cEn lo que trabajo es un taller donde nos encontramos con todos los procesos, desde la idea, la producci\u00f3n del texto, correcci\u00f3n, dise\u00f1o y edici\u00f3n, impresi\u00f3n del texto, hasta la concreci\u00f3n del libro f\u00edsico, creo que es una falsa dicotom\u00eda lo del papel o lo digital, hay mucha gente que todav\u00eda le gusta leer en papel\u201d<\/strong>, expres\u00f3 el autor de \u00ab<em>El gol con la Mano del Chueco Martino\u00bb.<\/em><\/span><\/p>\n","protected":false},"excerpt":{"rendered":"<p>Con una semana llena de actividades se celebr\u00f3 el d\u00eda de escritor en honor a aquellos apasionados de las letras que &#8230;<\/p>\n","protected":false},"author":7,"featured_media":136435,"comment_status":"open","ping_status":"open","sticky":false,"template":"","format":"standard","meta":{"footnotes":""},"categories":[5,19],"tags":[],"class_list":["post-136429","post","type-post","status-publish","format-standard","has-post-thumbnail","hentry","category-actualidad","category-cultura"],"_links":{"self":[{"href":"https:\/\/vinasfm.com\/noticias\/wp-json\/wp\/v2\/posts\/136429","targetHints":{"allow":["GET"]}}],"collection":[{"href":"https:\/\/vinasfm.com\/noticias\/wp-json\/wp\/v2\/posts"}],"about":[{"href":"https:\/\/vinasfm.com\/noticias\/wp-json\/wp\/v2\/types\/post"}],"author":[{"embeddable":true,"href":"https:\/\/vinasfm.com\/noticias\/wp-json\/wp\/v2\/users\/7"}],"replies":[{"embeddable":true,"href":"https:\/\/vinasfm.com\/noticias\/wp-json\/wp\/v2\/comments?post=136429"}],"version-history":[{"count":1,"href":"https:\/\/vinasfm.com\/noticias\/wp-json\/wp\/v2\/posts\/136429\/revisions"}],"predecessor-version":[{"id":136430,"href":"https:\/\/vinasfm.com\/noticias\/wp-json\/wp\/v2\/posts\/136429\/revisions\/136430"}],"wp:featuredmedia":[{"embeddable":true,"href":"https:\/\/vinasfm.com\/noticias\/wp-json\/wp\/v2\/media\/136435"}],"wp:attachment":[{"href":"https:\/\/vinasfm.com\/noticias\/wp-json\/wp\/v2\/media?parent=136429"}],"wp:term":[{"taxonomy":"category","embeddable":true,"href":"https:\/\/vinasfm.com\/noticias\/wp-json\/wp\/v2\/categories?post=136429"},{"taxonomy":"post_tag","embeddable":true,"href":"https:\/\/vinasfm.com\/noticias\/wp-json\/wp\/v2\/tags?post=136429"}],"curies":[{"name":"wp","href":"https:\/\/api.w.org\/{rel}","templated":true}]}}