{"id":136427,"date":"2024-06-17T10:47:16","date_gmt":"2024-06-17T13:47:16","guid":{"rendered":"https:\/\/vinasfm.com\/noticias\/?p=136427"},"modified":"2024-06-18T09:51:52","modified_gmt":"2024-06-18T12:51:52","slug":"la-lucha-antigranizo-entre-los-aviones-la-malla-o-el-seguro","status":"publish","type":"post","link":"https:\/\/vinasfm.com\/noticias\/la-lucha-antigranizo-entre-los-aviones-la-malla-o-el-seguro\/","title":{"rendered":"LA LUCHA ANTIGRANIZO, ENTRE LOS AVIONES, LA MALLA O EL SEGURO"},"content":{"rendered":"<h4 class=\"h3 col-12 md-col-8 font-src black-3 mb1\">El debate sobre la eficacia del sistema de mitigaci\u00f3n de tormentas divide opiniones entre expertos y productores. El gobierno eval\u00faa alternativas para \u201cresguardar\u201d la cosecha.<\/h4>\n<p>Si bien\u00a0<b>dejar los aviones en tierra de forma permanente y redirigir los fondos es una posibilidad<\/b>, en la actualidad <em><strong>\u201cel sistema de lucha antigranizo se encuentra en estudio\u201d<\/strong><\/em>, comentaron altas fuentes de Gobierno. La efectividad del ataque a\u00e9reo, ligada a las variables clim\u00e1ticas y al alto costo de su implementaci\u00f3n,\u00a0<b>est\u00e1 en an\u00e1lisis.\u00a0<\/b>En Mendoza, la continuidad de la mitigaci\u00f3n de las tormentas graniceras\u00a0<b>ha dividido opiniones entre los distintos actores del sector agr\u00edcola<\/b>.<\/p>\n<p>Este sistema es crucial para proteger los cultivos sensibles ante <em><strong>\u201cla ca\u00edda de una manga de piedra\u201d<\/strong><\/em>. Seg\u00fan datos que fueron relevados por la\u00a0<b>Direcci\u00f3n de Contingencias Clim\u00e1ticas (DCC), durante la campa\u00f1a 2022-2023 fueron afectadas 14.647 hect\u00e1reas al 100% por el granizo<\/b>; un 34% del pico alcanzado en la campa\u00f1a 1999-2000, cuando 42.114 ha sufrieron da\u00f1os.<\/p>\n<h2 class=\"\">INFORMACI\u00d3N PARA TOMAR DECISIONES<\/h2>\n<p><b>Mauro Sosa<\/b>, Director Ejecutivo del Centro de Vi\u00f1ateros y Bodegueros del Este, expres\u00f3 su preocupaci\u00f3n por las especulaciones sobre posibles cambios en el sistema de defensa contra el granizo. \u201c<b>Hemos solicitado informaci\u00f3n al Gobierno<\/b>\u00a0para poder analizar de antemano las consultas que entendemos deben llevarse adelante pr\u00f3ximamente\u201d, coment\u00f3 Sosa.<\/p>\n<p>De acuerdo al comentario del ejecutivo,\u00a0<b>buscan evaluar de manera informada las propuestas<\/b>\u00a0que podr\u00edan afectar la protecci\u00f3n de los cultivos.<\/p>\n<p>Por su parte, desde la Asociaci\u00f3n de Cooperativas Vitivin\u00edcolas (ACOVI), su titular,\u00a0<b>Fabi\u00e1n Ruggeri<\/b>, reconoci\u00f3 la actual complejidad del sistema, destacando que, <strong><em>\u201csi bien tiene deficiencias,\u00a0ha sido crucial en la mitigaci\u00f3n de los da\u00f1os provocados por las tormentas de granizo\u201d.<\/em><\/strong><\/p>\n<p>Sin embargo, Ruggeri inst\u00f3 a ser cautelosos antes de considerar su eliminaci\u00f3n, abogando por mejoras que fortalezcan su eficacia en lugar de su eliminaci\u00f3n completa.<em><strong> \u201cEs un sistema que est\u00e1 funcionando,\u00a0que tiene sus ineficiencias, pero es lo que tenemos. Seamos cautos en el an\u00e1lisis,\u00a0propongamos algo que sea superador y avancemos\u201d.<\/strong><\/em><\/p>\n<p>Por su parte,\u00a0<b>Fernando Cordero<\/b>, referente de agricultura de la C\u00e1mara de Comercio de General Alvear, subray\u00f3 la necesidad de\u00a0<b>un an\u00e1lisis detenido antes de tomar una decisi\u00f3n dr\u00e1stica<\/b>.<\/p>\n<p>Asegur\u00f3 que se est\u00e1n llevando a cabo discusiones internas para definir cual ser\u00e1 la postura de la C\u00e1mara en relaci\u00f3n con este tema.<em><strong> \u201cLo hemos tratado en la comisi\u00f3n directiva, ahora lo plantearemos con la especifica, con nuestros asociados, que son agricultores, para establecer nuestra postura como C\u00e1mara\u201d.<\/strong><\/em><\/p>\n<p>&nbsp;<\/p>\n","protected":false},"excerpt":{"rendered":"<p>El debate sobre la eficacia del sistema de mitigaci\u00f3n de tormentas divide opiniones entre expertos y productores. El gobierno eval\u00faa alternativas &#8230;<\/p>\n","protected":false},"author":7,"featured_media":129945,"comment_status":"open","ping_status":"open","sticky":false,"template":"","format":"standard","meta":{"footnotes":""},"categories":[5,10],"tags":[],"class_list":["post-136427","post","type-post","status-publish","format-standard","has-post-thumbnail","hentry","category-actualidad","category-destacadas"],"_links":{"self":[{"href":"https:\/\/vinasfm.com\/noticias\/wp-json\/wp\/v2\/posts\/136427","targetHints":{"allow":["GET"]}}],"collection":[{"href":"https:\/\/vinasfm.com\/noticias\/wp-json\/wp\/v2\/posts"}],"about":[{"href":"https:\/\/vinasfm.com\/noticias\/wp-json\/wp\/v2\/types\/post"}],"author":[{"embeddable":true,"href":"https:\/\/vinasfm.com\/noticias\/wp-json\/wp\/v2\/users\/7"}],"replies":[{"embeddable":true,"href":"https:\/\/vinasfm.com\/noticias\/wp-json\/wp\/v2\/comments?post=136427"}],"version-history":[{"count":1,"href":"https:\/\/vinasfm.com\/noticias\/wp-json\/wp\/v2\/posts\/136427\/revisions"}],"predecessor-version":[{"id":136428,"href":"https:\/\/vinasfm.com\/noticias\/wp-json\/wp\/v2\/posts\/136427\/revisions\/136428"}],"wp:featuredmedia":[{"embeddable":true,"href":"https:\/\/vinasfm.com\/noticias\/wp-json\/wp\/v2\/media\/129945"}],"wp:attachment":[{"href":"https:\/\/vinasfm.com\/noticias\/wp-json\/wp\/v2\/media?parent=136427"}],"wp:term":[{"taxonomy":"category","embeddable":true,"href":"https:\/\/vinasfm.com\/noticias\/wp-json\/wp\/v2\/categories?post=136427"},{"taxonomy":"post_tag","embeddable":true,"href":"https:\/\/vinasfm.com\/noticias\/wp-json\/wp\/v2\/tags?post=136427"}],"curies":[{"name":"wp","href":"https:\/\/api.w.org\/{rel}","templated":true}]}}