{"id":136411,"date":"2024-06-17T10:04:24","date_gmt":"2024-06-17T13:04:24","guid":{"rendered":"https:\/\/vinasfm.com\/noticias\/?p=136411"},"modified":"2024-06-18T10:03:10","modified_gmt":"2024-06-18T13:03:10","slug":"villa-atuel-un-hombre-resulto-con-heridas-de-consideracion-tras-chocar-a-un-perro","status":"publish","type":"post","link":"https:\/\/vinasfm.com\/noticias\/villa-atuel-un-hombre-resulto-con-heridas-de-consideracion-tras-chocar-a-un-perro\/","title":{"rendered":"VILLA ATUEL: UN HOMBRE RESULT\u00d3 CON HERIDAS DE CONSIDERACI\u00d3N TRAS CHOCAR A UN PERRO"},"content":{"rendered":"<h4><span style=\"color: #000000;\">El siniestro tuvo lugar en d\u00eda s\u00e1bado, en horas del medio d\u00eda, en inmediaciones de calles Calles Roque S\u00e1enz Pe\u00f1a y Arizu de la localidad sanrafaelina.<\/span><\/h4>\n<p><span style=\"color: #000000;\">Por el lugar <strong>circulaba un ciudadano mayor de edad abordo de una motocicleta con la que embisti\u00f3 a un can<\/strong>, producto de ello result\u00f3 lesionado con heridas de consideraci\u00f3n siendo trasladado al hospital Teodoro J. Schestakow de San Rafael, donde <strong>permanece internado en sala de Unidad de Terapia Intensiva.<\/strong><\/span><\/p>\n","protected":false},"excerpt":{"rendered":"<p>El siniestro tuvo lugar en d\u00eda s\u00e1bado, en horas del medio d\u00eda, en inmediaciones de calles Calles Roque S\u00e1enz Pe\u00f1a y &#8230;<\/p>\n","protected":false},"author":7,"featured_media":35128,"comment_status":"open","ping_status":"open","sticky":false,"template":"","format":"standard","meta":{"footnotes":""},"categories":[5,4],"tags":[],"class_list":["post-136411","post","type-post","status-publish","format-standard","has-post-thumbnail","hentry","category-actualidad","category-policiales"],"_links":{"self":[{"href":"https:\/\/vinasfm.com\/noticias\/wp-json\/wp\/v2\/posts\/136411","targetHints":{"allow":["GET"]}}],"collection":[{"href":"https:\/\/vinasfm.com\/noticias\/wp-json\/wp\/v2\/posts"}],"about":[{"href":"https:\/\/vinasfm.com\/noticias\/wp-json\/wp\/v2\/types\/post"}],"author":[{"embeddable":true,"href":"https:\/\/vinasfm.com\/noticias\/wp-json\/wp\/v2\/users\/7"}],"replies":[{"embeddable":true,"href":"https:\/\/vinasfm.com\/noticias\/wp-json\/wp\/v2\/comments?post=136411"}],"version-history":[{"count":1,"href":"https:\/\/vinasfm.com\/noticias\/wp-json\/wp\/v2\/posts\/136411\/revisions"}],"predecessor-version":[{"id":136412,"href":"https:\/\/vinasfm.com\/noticias\/wp-json\/wp\/v2\/posts\/136411\/revisions\/136412"}],"wp:featuredmedia":[{"embeddable":true,"href":"https:\/\/vinasfm.com\/noticias\/wp-json\/wp\/v2\/media\/35128"}],"wp:attachment":[{"href":"https:\/\/vinasfm.com\/noticias\/wp-json\/wp\/v2\/media?parent=136411"}],"wp:term":[{"taxonomy":"category","embeddable":true,"href":"https:\/\/vinasfm.com\/noticias\/wp-json\/wp\/v2\/categories?post=136411"},{"taxonomy":"post_tag","embeddable":true,"href":"https:\/\/vinasfm.com\/noticias\/wp-json\/wp\/v2\/tags?post=136411"}],"curies":[{"name":"wp","href":"https:\/\/api.w.org\/{rel}","templated":true}]}}