{"id":136372,"date":"2024-06-14T10:39:58","date_gmt":"2024-06-14T13:39:58","guid":{"rendered":"https:\/\/vinasfm.com\/noticias\/?p=136372"},"modified":"2024-06-17T08:58:33","modified_gmt":"2024-06-17T11:58:33","slug":"en-julio-tendra-lugar-el-campeonato-argentino-de-maxibasquet-femenino","status":"publish","type":"post","link":"https:\/\/vinasfm.com\/noticias\/en-julio-tendra-lugar-el-campeonato-argentino-de-maxibasquet-femenino\/","title":{"rendered":"EN JULIO TENDR\u00c1 LUGAR EL CAMPEONATO ARGENTINO DE MAXIBASQUET FEMENINO"},"content":{"rendered":"<h4><strong>Iniciar\u00e1 el 15 de julio y promete la llegada de 900 jugadoras al departamento.<\/strong><\/h4>\n<p>A un mes de que inicie el Campeonato Argentino de Maxibasquet Femenino, que tendr\u00e1 sede en General Alvear, ya hay m\u00e1s de 70 quipos inscriptos. La competencia deportiva recorrer\u00e1 distintas canchas del departamento como el Sport Club Pac\u00edfico, la Escuela de Agricultura, Bowen, Real del Padre y el Polideportivo Deportistas Alvearenses.<\/p>\n<p>Alvear ha logrado transformase en una ciudad que alberga destacados encuentros deportivos, como lo fue el Torneo Nacional de Juveniles de Handball en el mes de mayo. Adem\u00e1s de demostrar la alt\u00edsima calidad de las deportistas del pa\u00eds, este Campeonato promete reactivar el comercio y turismo local ya que la fecha elegida coincide con las vacaciones de invierno.<\/p>\n<p><img loading=\"lazy\" decoding=\"async\" class=\"\" src=\"https:\/\/alvearmendoza.gob.ar\/wp-content\/uploads\/2024\/06\/Campeonato-Argentino-de-MaxiBasquet-femenino.jpg\" width=\"505\" height=\"506\" \/><\/p>\n<p>Desde la organizaci\u00f3n explicaron que <em><strong>\u00abla Federaci\u00f3n propone las dos semanas de las vacaciones de invierno para el desarrollo del Campeonato, hemos tenido ocasiones en las que se debi\u00f3 cambiar la fecha ya que coincide con otros Torneos Nacionales\u00bb.<\/strong><\/em> Adem\u00e1s, se\u00f1alaron que <em><strong>\u00abpara poder llevar adelante este evento es necesaria la participaci\u00f3n y colaboraci\u00f3n de todas las \u00e1reas del municipio\u00bb<\/strong><\/em> y destacaron que <strong><em>\u00abdetr\u00e1s la organizaci\u00f3n no hay una asociaci\u00f3n, se trata de un grupo de amigas que apuntan el crecimiento del Maxibasquet\u00bb.\u00a0<\/em><\/strong><\/p>\n","protected":false},"excerpt":{"rendered":"<p>Iniciar\u00e1 el 15 de julio y promete la llegada de 900 jugadoras al departamento. A un mes de que inicie el &#8230;<\/p>\n","protected":false},"author":7,"featured_media":136375,"comment_status":"open","ping_status":"open","sticky":false,"template":"","format":"standard","meta":{"footnotes":""},"categories":[5,3],"tags":[],"class_list":["post-136372","post","type-post","status-publish","format-standard","has-post-thumbnail","hentry","category-actualidad","category-deportes"],"_links":{"self":[{"href":"https:\/\/vinasfm.com\/noticias\/wp-json\/wp\/v2\/posts\/136372","targetHints":{"allow":["GET"]}}],"collection":[{"href":"https:\/\/vinasfm.com\/noticias\/wp-json\/wp\/v2\/posts"}],"about":[{"href":"https:\/\/vinasfm.com\/noticias\/wp-json\/wp\/v2\/types\/post"}],"author":[{"embeddable":true,"href":"https:\/\/vinasfm.com\/noticias\/wp-json\/wp\/v2\/users\/7"}],"replies":[{"embeddable":true,"href":"https:\/\/vinasfm.com\/noticias\/wp-json\/wp\/v2\/comments?post=136372"}],"version-history":[{"count":1,"href":"https:\/\/vinasfm.com\/noticias\/wp-json\/wp\/v2\/posts\/136372\/revisions"}],"predecessor-version":[{"id":136373,"href":"https:\/\/vinasfm.com\/noticias\/wp-json\/wp\/v2\/posts\/136372\/revisions\/136373"}],"wp:featuredmedia":[{"embeddable":true,"href":"https:\/\/vinasfm.com\/noticias\/wp-json\/wp\/v2\/media\/136375"}],"wp:attachment":[{"href":"https:\/\/vinasfm.com\/noticias\/wp-json\/wp\/v2\/media?parent=136372"}],"wp:term":[{"taxonomy":"category","embeddable":true,"href":"https:\/\/vinasfm.com\/noticias\/wp-json\/wp\/v2\/categories?post=136372"},{"taxonomy":"post_tag","embeddable":true,"href":"https:\/\/vinasfm.com\/noticias\/wp-json\/wp\/v2\/tags?post=136372"}],"curies":[{"name":"wp","href":"https:\/\/api.w.org\/{rel}","templated":true}]}}