{"id":136359,"date":"2024-06-14T08:42:01","date_gmt":"2024-06-14T11:42:01","guid":{"rendered":"https:\/\/vinasfm.com\/noticias\/?p=136359"},"modified":"2024-06-15T10:22:56","modified_gmt":"2024-06-15T13:22:56","slug":"la-inflacion-de-mayo-en-mendoza-fue-de-44","status":"publish","type":"post","link":"https:\/\/vinasfm.com\/noticias\/la-inflacion-de-mayo-en-mendoza-fue-de-44\/","title":{"rendered":"LA INFLACI\u00d3N DE MAYO EN MENDOZA FUE DE 4,4%"},"content":{"rendered":"<h4><span style=\"color: #000000;\">A nivel nacional baj\u00f3 a 4,2%, el registro m\u00e1s bajo desde enero del 2022.<\/span><\/h4>\n<p><span style=\"color: #000000;\">El Indec dio a conocer el \u00cdndice de Precios al Consumidor de mayo, que confirm\u00f3 la desaceleraci\u00f3n de la inflaci\u00f3n. <strong>Fue de 4,2%, lo que suma un 71,9% en lo que va del 2024 y de 276,4% a nivel interanual.<\/strong><\/span><\/p>\n<p><span style=\"color: #000000;\">El rubro que m\u00e1s subi\u00f3 en el \u00faltimo mes fue \u201cComunicaci\u00f3n\u201d, con un 8,2%; seguido por \u201cEducaci\u00f3n\u201d con 7,6%. En el otro polo, el incremento en \u201cSalud\u201d fue del 0,7% y \u201cVivienda, agua, electricidad\u201d fue de 2,5%.<\/span><\/p>\n<p><span style=\"color: #000000;\"><img decoding=\"async\" src=\"https:\/\/i0.wp.com\/newspack-elsol.s3.amazonaws.com\/wp-content\/uploads\/2024\/06\/image-18.png?resize=623%2C389&amp;ssl=1\" \/><\/span><\/p>\n<h2><span style=\"color: #000000;\">LA INFLACI\u00d3N EN MENDOZA<\/span><\/h2>\n<p><span style=\"color: #000000;\"><strong>Seg\u00fan los datos otorgados por el INDEC, la regi\u00f3n de Cuyo tuvo un 4,3%. Puntualmente en Mendoza, el \u00cdndice lleg\u00f3 al 4,4%.<\/strong><\/span><\/p>\n<p><span style=\"color: #000000;\">En cinco de meses de este a\u00f1o, la inflaci\u00f3n acumulada ya es de 64%, mientras que la diferencia interanual de precios alcanz\u00f3 el 270,5%. <strong>Los rubros que m\u00e1s aumentaron fueron principalmente Transporte y Comunicaciones, seguido de Esparcimiento y Educaci\u00f3n.<\/strong><\/span><\/p>\n<p><span style=\"color: #000000;\">En Mendoza, desde diciembre de 2022 no se ten\u00eda un dato de la inflaci\u00f3n que se estacionara en el 4%; en ese mes el DEIE ubic\u00f3 el aumento en el 4,9%. <strong>En diciembre de 2023 se registr\u00f3 el mayor pico (25,3%) y desde entonces viene en descenso.<\/strong><\/span><\/p>\n<h3><span style=\"color: #000000;\">Lo que m\u00e1s aument\u00f3 en mayo<\/span><\/h3>\n<ul>\n<li><span style=\"color: #000000;\">Transporte y Comunicaciones: 8,1%<\/span><\/li>\n<li><span style=\"color: #000000;\">Esparcimiento: 6,9%<\/span><\/li>\n<li><span style=\"color: #000000;\">Educaci\u00f3n: 6,9%<\/span><\/li>\n<li><span style=\"color: #000000;\">Otros bienes y servicios: 6,7%<\/span><\/li>\n<li><span style=\"color: #000000;\">Equipamiento y mantenimiento para el hogar: 5,3%<\/span><\/li>\n<li><span style=\"color: #000000;\">Indumentaria: 4,2%<\/span><\/li>\n<li><span style=\"color: #000000;\">Alimentos y bebidas: 3,3%<\/span><\/li>\n<li><span style=\"color: #000000;\">Atenci\u00f3n m\u00e9dica y gastos en salud: 1,4%<\/span><\/li>\n<li><span style=\"color: #000000;\">Vivienda y servicios b\u00e1sicos: 1,0%<\/span><\/li>\n<\/ul>\n","protected":false},"excerpt":{"rendered":"<p>A nivel nacional baj\u00f3 a 4,2%, el registro m\u00e1s bajo desde enero del 2022. El Indec dio a conocer el \u00cdndice &#8230;<\/p>\n","protected":false},"author":7,"featured_media":48143,"comment_status":"open","ping_status":"open","sticky":false,"template":"","format":"standard","meta":{"footnotes":""},"categories":[5],"tags":[],"class_list":["post-136359","post","type-post","status-publish","format-standard","has-post-thumbnail","hentry","category-actualidad"],"_links":{"self":[{"href":"https:\/\/vinasfm.com\/noticias\/wp-json\/wp\/v2\/posts\/136359","targetHints":{"allow":["GET"]}}],"collection":[{"href":"https:\/\/vinasfm.com\/noticias\/wp-json\/wp\/v2\/posts"}],"about":[{"href":"https:\/\/vinasfm.com\/noticias\/wp-json\/wp\/v2\/types\/post"}],"author":[{"embeddable":true,"href":"https:\/\/vinasfm.com\/noticias\/wp-json\/wp\/v2\/users\/7"}],"replies":[{"embeddable":true,"href":"https:\/\/vinasfm.com\/noticias\/wp-json\/wp\/v2\/comments?post=136359"}],"version-history":[{"count":1,"href":"https:\/\/vinasfm.com\/noticias\/wp-json\/wp\/v2\/posts\/136359\/revisions"}],"predecessor-version":[{"id":136360,"href":"https:\/\/vinasfm.com\/noticias\/wp-json\/wp\/v2\/posts\/136359\/revisions\/136360"}],"wp:featuredmedia":[{"embeddable":true,"href":"https:\/\/vinasfm.com\/noticias\/wp-json\/wp\/v2\/media\/48143"}],"wp:attachment":[{"href":"https:\/\/vinasfm.com\/noticias\/wp-json\/wp\/v2\/media?parent=136359"}],"wp:term":[{"taxonomy":"category","embeddable":true,"href":"https:\/\/vinasfm.com\/noticias\/wp-json\/wp\/v2\/categories?post=136359"},{"taxonomy":"post_tag","embeddable":true,"href":"https:\/\/vinasfm.com\/noticias\/wp-json\/wp\/v2\/tags?post=136359"}],"curies":[{"name":"wp","href":"https:\/\/api.w.org\/{rel}","templated":true}]}}