{"id":136343,"date":"2024-06-13T19:41:27","date_gmt":"2024-06-13T22:41:27","guid":{"rendered":"https:\/\/vinasfm.com\/noticias\/?p=136343"},"modified":"2024-06-14T09:56:19","modified_gmt":"2024-06-14T12:56:19","slug":"llega-la-segunda-fecha-del-campeonato-alvearense-de-mountain-bike","status":"publish","type":"post","link":"https:\/\/vinasfm.com\/noticias\/llega-la-segunda-fecha-del-campeonato-alvearense-de-mountain-bike\/","title":{"rendered":"LLEGA LA SEGUNDA FECHA DEL CAMPEONATO ALVEARENSE DE MOUNTAIN BIKE"},"content":{"rendered":"<h4>Se realizar\u00e1 este pr\u00f3ximo lunes 17 de junio la 2\u00b0 fecha del Campeonato de Mountain Bike a partir de las 11hs tendr\u00e1 lugar en la Reserva Municipal El Trapal.<\/h4>\n<p>Participaran corredores de todas las edades sellando un evento absolutamente inclusivo para los deportistas y familias. De la direcci\u00f3n de Deporte Alberto G\u00f3mez afirm\u00f3 <em><strong>\u201chasta el momento contamos con m\u00e1s de 70 inscriptos, el mountain bike es una actividad que convoca mucha gente, que tiene un gran atractivo y permite a las personas con o sin experiencia que puedan competir y disfrutar del evento\u201d<\/strong><\/em><\/p>\n<p><em><strong>\u201cHemos realizado un gran trabajo en lo que es el circuito, en las curvas para que los participantes tengan un poco de dificultad debido a la modalidad rally, pero est\u00e1 muy optimo y entretenido para los corredores. Se realiza en 3 etapas: la primera larga a las 11:00 horas, la segunda a las 12:30 horas y la tercera y \u00faltima a las 14:00\u201d<\/strong><\/em> expres\u00f3 el director de deporte.<\/p>\n<p>Realizar este Campeonato en la Reserva El Trapal promete mantener el esp\u00edritu aventurero con una modalidad rally y un nivel de dificultad que permitir\u00e1 a ciclistas de diversos niveles disfrutar de esta apasionante disciplina.<\/p>\n<p>La competencia de mountain bike ha demostrado ser un espacio din\u00e1mico y acogedor para los amantes del ciclismo de monta\u00f1a, consolid\u00e1ndose como un evento destacado en el calendario deportivo local.<\/p>\n","protected":false},"excerpt":{"rendered":"<p>Se realizar\u00e1 este pr\u00f3ximo lunes 17 de junio la 2\u00b0 fecha del Campeonato de Mountain Bike a partir de las 11hs &#8230;<\/p>\n","protected":false},"author":7,"featured_media":136346,"comment_status":"open","ping_status":"open","sticky":false,"template":"","format":"standard","meta":{"footnotes":""},"categories":[5,3],"tags":[],"class_list":["post-136343","post","type-post","status-publish","format-standard","has-post-thumbnail","hentry","category-actualidad","category-deportes"],"_links":{"self":[{"href":"https:\/\/vinasfm.com\/noticias\/wp-json\/wp\/v2\/posts\/136343","targetHints":{"allow":["GET"]}}],"collection":[{"href":"https:\/\/vinasfm.com\/noticias\/wp-json\/wp\/v2\/posts"}],"about":[{"href":"https:\/\/vinasfm.com\/noticias\/wp-json\/wp\/v2\/types\/post"}],"author":[{"embeddable":true,"href":"https:\/\/vinasfm.com\/noticias\/wp-json\/wp\/v2\/users\/7"}],"replies":[{"embeddable":true,"href":"https:\/\/vinasfm.com\/noticias\/wp-json\/wp\/v2\/comments?post=136343"}],"version-history":[{"count":1,"href":"https:\/\/vinasfm.com\/noticias\/wp-json\/wp\/v2\/posts\/136343\/revisions"}],"predecessor-version":[{"id":136347,"href":"https:\/\/vinasfm.com\/noticias\/wp-json\/wp\/v2\/posts\/136343\/revisions\/136347"}],"wp:featuredmedia":[{"embeddable":true,"href":"https:\/\/vinasfm.com\/noticias\/wp-json\/wp\/v2\/media\/136346"}],"wp:attachment":[{"href":"https:\/\/vinasfm.com\/noticias\/wp-json\/wp\/v2\/media?parent=136343"}],"wp:term":[{"taxonomy":"category","embeddable":true,"href":"https:\/\/vinasfm.com\/noticias\/wp-json\/wp\/v2\/categories?post=136343"},{"taxonomy":"post_tag","embeddable":true,"href":"https:\/\/vinasfm.com\/noticias\/wp-json\/wp\/v2\/tags?post=136343"}],"curies":[{"name":"wp","href":"https:\/\/api.w.org\/{rel}","templated":true}]}}