{"id":136323,"date":"2024-06-13T09:05:03","date_gmt":"2024-06-13T12:05:03","guid":{"rendered":"https:\/\/vinasfm.com\/noticias\/?p=136323"},"modified":"2024-06-14T08:57:06","modified_gmt":"2024-06-14T11:57:06","slug":"llega-el-1-encuentro-internacional-apicola-en-el-sur-mendocino","status":"publish","type":"post","link":"https:\/\/vinasfm.com\/noticias\/llega-el-1-encuentro-internacional-apicola-en-el-sur-mendocino\/","title":{"rendered":"LLEGA EL 1\u00b0 ENCUENTRO INTERNACIONAL  AP\u00cdCOLA EN EL SUR MENDOCINO"},"content":{"rendered":"<h4><span style=\"color: #000000;\"><strong>Tendr\u00e1 lugar los d\u00edas 21 y 22 de junio, en el Predio Ferial, en el marco del D\u00eda del Apicultor. <\/strong><\/span><\/h4>\n<p><span style=\"color: #000000;\">Marcos Amoros, a cargo de la organizaci\u00f3n del encuentro, explic\u00f3 que <strong><em>\u201cel objetivo es incentivar la actividad de la apicultura dando lugar a nuevas generaciones\u201d. <\/em><\/strong>Y es que la preservaci\u00f3n de esta tarea es tan importante debido a que el 70% de los alimentos consumidos por el ser humano son polinizados por las abejas.<\/span><\/p>\n<p><span style=\"color: #000000;\">Este encuentro contar\u00e1 con la disertaci\u00f3n de Vincent Toledo, uno de los m\u00e1ximos exponentes de la apicultura a nivel internacional. Tambi\u00e9n estar\u00e1 presente el M\u00e9dico Veterinario Joaqu\u00edn Moja quien est\u00e1 al frente del <em>Programa Nacional Ap\u00edcola<\/em> del <em>INTA<\/em> (Proapi), un programa que promueve una estrategia din\u00e1mica dise\u00f1ada para producir miel de alta calidad adaptada a las condiciones locales y a los objetivos de producci\u00f3n.<\/span><\/p>\n<p><span style=\"color: #000000;\">El <strong>1\u00b0 Encuentro Internacional Ap\u00edcola<\/strong> tendr\u00e1 inicio el viernes 21 de junio, comenzado con charlas destinadas a emprendedores ap\u00edcolas \u00a0y capacitaciones sobre recambio de reinas y formaci\u00f3n de n\u00facleos. El d\u00eda s\u00e1bado 22 se brindar\u00e1n charlas relacionadas a la salida de la hibernaci\u00f3n, nutrici\u00f3n y enfermedades. \u00a0<\/span><\/p>\n<p><a href=\"https:\/\/vinasfm.com\/noticias\/wp-content\/uploads\/2024\/06\/IMG-20240612-WA0009.jpg\"><img loading=\"lazy\" decoding=\"async\" class=\"alignnone wp-image-136330\" src=\"https:\/\/vinasfm.com\/noticias\/wp-content\/uploads\/2024\/06\/IMG-20240612-WA0009-1024x1010.jpg\" alt=\"\" width=\"500\" height=\"493\" srcset=\"https:\/\/vinasfm.com\/noticias\/wp-content\/uploads\/2024\/06\/IMG-20240612-WA0009-1024x1010.jpg 1024w, https:\/\/vinasfm.com\/noticias\/wp-content\/uploads\/2024\/06\/IMG-20240612-WA0009-300x296.jpg 300w, https:\/\/vinasfm.com\/noticias\/wp-content\/uploads\/2024\/06\/IMG-20240612-WA0009-768x757.jpg 768w, https:\/\/vinasfm.com\/noticias\/wp-content\/uploads\/2024\/06\/IMG-20240612-WA0009.jpg 1280w\" sizes=\"auto, (max-width: 500px) 100vw, 500px\" \/><\/a><\/p>\n<h2><span style=\"color: #000000;\">EL CONSUMO DE LA MIEL EN ARGENTINA<\/span><\/h2>\n<p><span style=\"color: #000000;\">Solo ek 25% de la miel que se cosecha en Argentina se consume en el pa\u00eds. La miel nacional es de excelente calidad y es por eso que posisiona a la Argentina como el segundo exportador mundial, seg\u00fan datos de un estudio realizado en mayo.\u00a0<\/span><\/p>\n<p><span style=\"color: #000000;\">La Argentina cosecha unas 75.000 toneladas de miel anualmente. De ese total s\u00f3lo se consume en el mercado interno entre un 10% y un 20%; en tanto que el 80% de lo que se vende al exterior es a granel. Si bien se produce miel en todo el pa\u00eds, \u00a0el 60% de las colmenas y de la producci\u00f3n est\u00e1 localizado en la Pampa H\u00fameda.<\/span><\/p>\n","protected":false},"excerpt":{"rendered":"<p>Tendr\u00e1 lugar los d\u00edas 21 y 22 de junio, en el Predio Ferial, en el marco del D\u00eda del Apicultor. Marcos &#8230;<\/p>\n","protected":false},"author":7,"featured_media":136324,"comment_status":"open","ping_status":"open","sticky":false,"template":"","format":"standard","meta":{"footnotes":""},"categories":[5,10],"tags":[],"class_list":["post-136323","post","type-post","status-publish","format-standard","has-post-thumbnail","hentry","category-actualidad","category-destacadas"],"_links":{"self":[{"href":"https:\/\/vinasfm.com\/noticias\/wp-json\/wp\/v2\/posts\/136323","targetHints":{"allow":["GET"]}}],"collection":[{"href":"https:\/\/vinasfm.com\/noticias\/wp-json\/wp\/v2\/posts"}],"about":[{"href":"https:\/\/vinasfm.com\/noticias\/wp-json\/wp\/v2\/types\/post"}],"author":[{"embeddable":true,"href":"https:\/\/vinasfm.com\/noticias\/wp-json\/wp\/v2\/users\/7"}],"replies":[{"embeddable":true,"href":"https:\/\/vinasfm.com\/noticias\/wp-json\/wp\/v2\/comments?post=136323"}],"version-history":[{"count":6,"href":"https:\/\/vinasfm.com\/noticias\/wp-json\/wp\/v2\/posts\/136323\/revisions"}],"predecessor-version":[{"id":136332,"href":"https:\/\/vinasfm.com\/noticias\/wp-json\/wp\/v2\/posts\/136323\/revisions\/136332"}],"wp:featuredmedia":[{"embeddable":true,"href":"https:\/\/vinasfm.com\/noticias\/wp-json\/wp\/v2\/media\/136324"}],"wp:attachment":[{"href":"https:\/\/vinasfm.com\/noticias\/wp-json\/wp\/v2\/media?parent=136323"}],"wp:term":[{"taxonomy":"category","embeddable":true,"href":"https:\/\/vinasfm.com\/noticias\/wp-json\/wp\/v2\/categories?post=136323"},{"taxonomy":"post_tag","embeddable":true,"href":"https:\/\/vinasfm.com\/noticias\/wp-json\/wp\/v2\/tags?post=136323"}],"curies":[{"name":"wp","href":"https:\/\/api.w.org\/{rel}","templated":true}]}}