{"id":136314,"date":"2024-06-13T08:53:20","date_gmt":"2024-06-13T11:53:20","guid":{"rendered":"https:\/\/vinasfm.com\/noticias\/?p=136314"},"modified":"2024-06-14T08:49:26","modified_gmt":"2024-06-14T11:49:26","slug":"cadetes-del-iusp-se-capacitaron-sobre-la-atencion-de-vulnerabilidades","status":"publish","type":"post","link":"https:\/\/vinasfm.com\/noticias\/cadetes-del-iusp-se-capacitaron-sobre-la-atencion-de-vulnerabilidades\/","title":{"rendered":"CADETES DEL IUSP SE CAPACITARON SOBRE LA ATENCI\u00d3N DE VULNERABILIDADES"},"content":{"rendered":"<h4><span style=\"color: #000000;\">La capacitaci\u00f3n \u201cPautas para la atenci\u00f3n de vulnerabilidades\u00bb se realiz\u00f3 en la jornada del mi\u00e9rcoles y fue dirigida a todos los cadetes del IUSP &#8211; Instituto Universitario de Seguridad P\u00fablica.<\/span><\/h4>\n<p><span style=\"color: #000000;\">Desde la Direcci\u00f3n de Familia y la Coordinaci\u00f3n de Mujer y G\u00e9nero brindaron herramientas para la atenci\u00f3n responsable en la tarea de promoci\u00f3n de derechos. <em><strong>\u201cestos chicos que pronto ya van a estar siendo efectivos policiales, deben tener herramientas a la hora de atender o de tratar con personas que est\u00e1n en diferentes situaciones de vulnerabilidad para que puedan tener un efectivo acceso a la seguridad y a la justicia\u201d<\/strong><\/em>, expres\u00f3 Natasha Oneschuk, Coordinadora de Derechos Humanos. <strong>\u201cT\u00e9cnicamente es atender a una mujer que viene con alg\u00fan problema, ser m\u00e1s simp\u00e1tico, no solo con las mujeres v\u00edctimas de violencia, sino tambi\u00e9n personas de la comunidad LGBTI, tambi\u00e9n con los ni\u00f1os en situaciones de maltrato o de abuso, adultos mayores y personas con discapacidad\u201d.<\/strong><\/span><\/p>\n<p><span style=\"color: #000000;\">Capacitaciones como estas se destacan ya que existen resoluciones nuevas dentro del Ministerio de Seguridad que han generado avances muy importantes. Hay hoy una direcci\u00f3n de diversidad dentro de la polic\u00eda. Tambi\u00e9n es muy importante que se permitan trabajar y debatir con los cadetes del Intituto Universitario de Seguirdad P\u00fablica.<\/span><\/p>\n<p><span style=\"color: #000000;\">Jimena Colombres, Coordinadora de Mujer y G\u00e9nero expres\u00f3 <strong><em>\u201clo que se intent\u00f3 brindar hoy a los alumnos es justamente enfatizar en lo que tiene que ver con un trato humanizado para las diferentes problem\u00e1ticas con las que los futuros polic\u00edas van a encontrarse, por ejemplo, saber que tienen que preguntar, que cosas tomar registro y cuales esperar\u201d.<\/em><\/strong><\/span><\/p>\n<p><span style=\"color: #000000;\"><em><strong>\u201cLa formaci\u00f3n de los profesionales es muy importante, saber c\u00f3mo deben dirigirse como contener adecuadamente a la v\u00edctima y no reivindicarla. El trato humanizado, el trato digno tiene que ver con no revictimizar y por eso es que se hace mucho hincapi\u00e9 en c\u00f3mo dirigirse a la persona o qu\u00e9 tipo de abordaje realizar\u201d,<\/strong><\/em> finaliz\u00f3 Colombres.<\/span><\/p>\n","protected":false},"excerpt":{"rendered":"<p>La capacitaci\u00f3n \u201cPautas para la atenci\u00f3n de vulnerabilidades\u00bb se realiz\u00f3 en la jornada del mi\u00e9rcoles y fue dirigida a todos los &#8230;<\/p>\n","protected":false},"author":7,"featured_media":136315,"comment_status":"open","ping_status":"open","sticky":false,"template":"","format":"standard","meta":{"footnotes":""},"categories":[5,33],"tags":[],"class_list":["post-136314","post","type-post","status-publish","format-standard","has-post-thumbnail","hentry","category-actualidad","category-seguridad"],"_links":{"self":[{"href":"https:\/\/vinasfm.com\/noticias\/wp-json\/wp\/v2\/posts\/136314","targetHints":{"allow":["GET"]}}],"collection":[{"href":"https:\/\/vinasfm.com\/noticias\/wp-json\/wp\/v2\/posts"}],"about":[{"href":"https:\/\/vinasfm.com\/noticias\/wp-json\/wp\/v2\/types\/post"}],"author":[{"embeddable":true,"href":"https:\/\/vinasfm.com\/noticias\/wp-json\/wp\/v2\/users\/7"}],"replies":[{"embeddable":true,"href":"https:\/\/vinasfm.com\/noticias\/wp-json\/wp\/v2\/comments?post=136314"}],"version-history":[{"count":1,"href":"https:\/\/vinasfm.com\/noticias\/wp-json\/wp\/v2\/posts\/136314\/revisions"}],"predecessor-version":[{"id":136316,"href":"https:\/\/vinasfm.com\/noticias\/wp-json\/wp\/v2\/posts\/136314\/revisions\/136316"}],"wp:featuredmedia":[{"embeddable":true,"href":"https:\/\/vinasfm.com\/noticias\/wp-json\/wp\/v2\/media\/136315"}],"wp:attachment":[{"href":"https:\/\/vinasfm.com\/noticias\/wp-json\/wp\/v2\/media?parent=136314"}],"wp:term":[{"taxonomy":"category","embeddable":true,"href":"https:\/\/vinasfm.com\/noticias\/wp-json\/wp\/v2\/categories?post=136314"},{"taxonomy":"post_tag","embeddable":true,"href":"https:\/\/vinasfm.com\/noticias\/wp-json\/wp\/v2\/tags?post=136314"}],"curies":[{"name":"wp","href":"https:\/\/api.w.org\/{rel}","templated":true}]}}