{"id":136306,"date":"2024-06-13T08:33:04","date_gmt":"2024-06-13T11:33:04","guid":{"rendered":"https:\/\/vinasfm.com\/noticias\/?p=136306"},"modified":"2024-06-14T08:50:03","modified_gmt":"2024-06-14T11:50:03","slug":"en-la-pampa-aseguran-que-no-estan-incumpliendo-el-convenio-con-mendoza","status":"publish","type":"post","link":"https:\/\/vinasfm.com\/noticias\/en-la-pampa-aseguran-que-no-estan-incumpliendo-el-convenio-con-mendoza\/","title":{"rendered":"EN LA PAMPA ASEGURAN QUE NO EST\u00c1N INCUMPLIENDO EL CONVENIO CON MENDOZA"},"content":{"rendered":"<h4><span style=\"color: #000000;\">Tras la visita a Punta del Agua y una investigaci\u00f3n realizada por el Departamento General de Irrigaci\u00f3n se conoci\u00f3 que en La Pampa venden el agua de manantial que env\u00eda Mendoza hasta Santa Isabel y Algarrobo del \u00c1guila.<\/span><\/h4>\n<p><span style=\"color: #000000;\">La semana inici\u00f3 con un nuevo enfrentamiento entre Mendoza y la provincia gobernada por Sergio Zillioto pero, esta vez, por violar el acuerdo de 1994. El mismo establec\u00eda que la provincia enviar\u00eda agua de manantial a La Pampa para abastecer a 6.000 personas.<\/span><\/p>\n<p><span style=\"color: #000000;\">Fue el consejero por el R\u00edo Atuel, Gustavo Villegas, quien di\u00f3 a conocer esta situaci\u00f3n pero luego de que el Superintendente General de Irrigaci\u00f3n, Sergio Marinelli, realizara la denuncia ante la Justicia, desde La Pampa negaron los hechos.<\/span><\/p>\n<p><span style=\"color: #000000;\"><a style=\"color: #000000;\" href=\"https:\/\/vinasfm.com\/noticias\/wp-content\/uploads\/2024\/06\/WhatsApp-Image-2024-06-11-at-09.58.33.jpeg\"><img loading=\"lazy\" decoding=\"async\" class=\"alignnone wp-image-136221\" src=\"https:\/\/vinasfm.com\/noticias\/wp-content\/uploads\/2024\/06\/WhatsApp-Image-2024-06-11-at-09.58.33-1024x576.jpeg\" alt=\"\" width=\"500\" height=\"281\" srcset=\"https:\/\/vinasfm.com\/noticias\/wp-content\/uploads\/2024\/06\/WhatsApp-Image-2024-06-11-at-09.58.33-1024x576.jpeg 1024w, https:\/\/vinasfm.com\/noticias\/wp-content\/uploads\/2024\/06\/WhatsApp-Image-2024-06-11-at-09.58.33-300x169.jpeg 300w, https:\/\/vinasfm.com\/noticias\/wp-content\/uploads\/2024\/06\/WhatsApp-Image-2024-06-11-at-09.58.33-768x432.jpeg 768w, https:\/\/vinasfm.com\/noticias\/wp-content\/uploads\/2024\/06\/WhatsApp-Image-2024-06-11-at-09.58.33-1536x864.jpeg 1536w, https:\/\/vinasfm.com\/noticias\/wp-content\/uploads\/2024\/06\/WhatsApp-Image-2024-06-11-at-09.58.33-750x420.jpeg 750w, https:\/\/vinasfm.com\/noticias\/wp-content\/uploads\/2024\/06\/WhatsApp-Image-2024-06-11-at-09.58.33-1140x641.jpeg 1140w, https:\/\/vinasfm.com\/noticias\/wp-content\/uploads\/2024\/06\/WhatsApp-Image-2024-06-11-at-09.58.33.jpeg 1599w\" sizes=\"auto, (max-width: 500px) 100vw, 500px\" \/><\/a><\/span><\/p>\n<h6><span style=\"color: #000000;\">Villegas y Marinelli presentaron pruebas de la venda del agua embotellada.<\/span><\/h6>\n<p><span style=\"color: #000000;\">El secretario de Recursos H\u00eddricos, el pampeano Jos\u00e9 Gobbi, asegur\u00f3 que la denuncia <em><strong>\u00abse trata de una movida de prensa que tiene como objetivo tapar el incumplimiento de Mendoza con el fallo de la Corte Suprema en 2020\u00bb.<\/strong><\/em><\/span><\/p>\n<p><span style=\"color: #000000;\">Seg\u00fan di\u00f3 a conocer Villegas en nota exclusiva con <strong>FM VI\u00d1AS<\/strong>, el agua embotellada se vende en Santa Isabel, Algarrobo del \u00c1guila e incluso en otras localidades por fuera de este territorio como 25 de Mayo y Catriel.<\/span><\/p>\n<p><span style=\"color: #000000;\">Por su parte el Intendente de Santa Isabel, Guillermo Farana, defendi\u00f3 la venta del agua que env\u00eda Mendoza y argument\u00f3 que<em><strong> \u00abel embotellamiento de agua est\u00e1 encuadrado dentro del convenio firmado entre ambas provincias\u00bb. <\/strong><\/em>Durante la jornada del mi\u00e9rcoles, Gobbi manifest\u00f3 que el gobierno pampeano est\u00e1 a la espera de la presentaci\u00f3n formal <em><strong>\u00abpara ver qu\u00e9 es lo que est\u00e1n diciendo en<\/strong> <strong>Mendoza\u00bb<\/strong><\/em>, <em>s<\/em>in embargo en su declaraci\u00f3n asegur\u00f3 no tener ninguna informaci\u00f3n <strong>\u00ab<\/strong><strong><em>ni por s\u00ed ni por no sobre si se est\u00e1 envasando el agua y la est\u00e1n vendiendo comercialmente\u00bb.\u00a0<\/em><\/strong><\/span><\/p>\n<p><span style=\"color: #000000;\">Finalmente, el secretario de Recursos H\u00eddricos de La Pampa, sostuvo que <em><strong>\u00abMendoza quiere evitar que se hable del incumpliento con el fallo de la corte. Aseguran no tener agua pero le dieron a una bodega\u00a0 m\u00e1s del agua suficiente para cumplir con el fallo y entregarle a La Pampa lo que le pertenece por derecho\u00bb.<\/strong><\/em> Cabe recordar que la mencionada bodega no existe desde hace 20 a\u00f1os y en su lugar funciona una aceitera que requiere de una importante cantidad del recurso h\u00eddrico para regar sus olivares.\u00a0<\/span><\/p>\n","protected":false},"excerpt":{"rendered":"<p>Tras la visita a Punta del Agua y una investigaci\u00f3n realizada por el Departamento General de Irrigaci\u00f3n se conoci\u00f3 que en &#8230;<\/p>\n","protected":false},"author":7,"featured_media":136308,"comment_status":"open","ping_status":"open","sticky":false,"template":"","format":"standard","meta":{"footnotes":""},"categories":[5,54],"tags":[],"class_list":["post-136306","post","type-post","status-publish","format-standard","has-post-thumbnail","hentry","category-actualidad","category-conflicto-con-la-pampa"],"_links":{"self":[{"href":"https:\/\/vinasfm.com\/noticias\/wp-json\/wp\/v2\/posts\/136306","targetHints":{"allow":["GET"]}}],"collection":[{"href":"https:\/\/vinasfm.com\/noticias\/wp-json\/wp\/v2\/posts"}],"about":[{"href":"https:\/\/vinasfm.com\/noticias\/wp-json\/wp\/v2\/types\/post"}],"author":[{"embeddable":true,"href":"https:\/\/vinasfm.com\/noticias\/wp-json\/wp\/v2\/users\/7"}],"replies":[{"embeddable":true,"href":"https:\/\/vinasfm.com\/noticias\/wp-json\/wp\/v2\/comments?post=136306"}],"version-history":[{"count":3,"href":"https:\/\/vinasfm.com\/noticias\/wp-json\/wp\/v2\/posts\/136306\/revisions"}],"predecessor-version":[{"id":136317,"href":"https:\/\/vinasfm.com\/noticias\/wp-json\/wp\/v2\/posts\/136306\/revisions\/136317"}],"wp:featuredmedia":[{"embeddable":true,"href":"https:\/\/vinasfm.com\/noticias\/wp-json\/wp\/v2\/media\/136308"}],"wp:attachment":[{"href":"https:\/\/vinasfm.com\/noticias\/wp-json\/wp\/v2\/media?parent=136306"}],"wp:term":[{"taxonomy":"category","embeddable":true,"href":"https:\/\/vinasfm.com\/noticias\/wp-json\/wp\/v2\/categories?post=136306"},{"taxonomy":"post_tag","embeddable":true,"href":"https:\/\/vinasfm.com\/noticias\/wp-json\/wp\/v2\/tags?post=136306"}],"curies":[{"name":"wp","href":"https:\/\/api.w.org\/{rel}","templated":true}]}}