{"id":136266,"date":"2024-06-12T08:57:47","date_gmt":"2024-06-12T11:57:47","guid":{"rendered":"https:\/\/vinasfm.com\/noticias\/?p=136266"},"modified":"2024-06-13T08:59:47","modified_gmt":"2024-06-13T11:59:47","slug":"la-orquesta-barroca-de-mendoza-se-presentara-en-general-alvear-y-san-rafael","status":"publish","type":"post","link":"https:\/\/vinasfm.com\/noticias\/la-orquesta-barroca-de-mendoza-se-presentara-en-general-alvear-y-san-rafael\/","title":{"rendered":"LA ORQUESTA BARROCA DE MENDOZA SE PRESENTAR\u00c1 EN GENERAL ALVEAR Y SAN RAFAEL"},"content":{"rendered":"<h4><span style=\"color: #000000;\"><strong>Como parte de las actividades previstas para las vacaciones de invierno 2024, funcionarios del Gobierno de Mendoza presentaron una destacada agenda de conciertos.<\/strong><\/span><\/h4>\n<p><span style=\"color: #000000;\">Presentaron oficialmente en el Sur mendocino diferentes actividades que el Gobierno de Mendoza llevar\u00e1 a cabo en General Alvear y San Rafael durante las vacaciones de invierno 2024.<\/span><\/p>\n<p><span style=\"color: #000000;\">Por ese motivo, en las instalaciones del Centro de Congresos y Exposiciones Alfredo Bufano tuvo lugar una conferencia de prensa a la que asistieron la vicegobernadora de la provincia, Hebe Casado; la presidenta del Ente Mendoza Turismo (Emetur), Gabriela Testa, y el subsecretario de Cultura, Diego Gareca.<\/span><\/p>\n<p><span style=\"color: #000000;\">En la oportunidad se anunci\u00f3 la presentaci\u00f3n de la Orquesta Barroca de Mendoza, que ofrecer\u00e1 el repertorio musical de las pel\u00edculas\u00a0<em>Harry Potter,<\/em>\u00a0<em>El Se\u00f1or de los anillos<\/em>\u00a0y la legendaria\u00a0<em>Star Wars.<\/em><\/span><\/p>\n<p><span style=\"color: #000000;\">La vicegobernadora de la provincia, Hebe Casado, expres\u00f3: <strong>\u201cComo sanrafaelina y gente del Sur, siempre dec\u00edamos que las cosas solamente pasaban en el Norte y nos quej\u00e1bamos porque estos tipos de eventos no pasaban del r\u00edo Mendoza para abajo. Hoy tengo que decirles que est\u00e1n haciendo un gran trabajo todos los ministros, secretarios y directores de la provincia para federalizar cada una de las acciones del Gobierno\u201d.<\/strong><\/span><\/p>\n<p><span style=\"color: #000000;\">Por su parte, la presidenta del Emetur, Gabriela Testa, expres\u00f3: <strong>\u201cEl s\u00e1bado 6 de julio comienzan las vacaciones de invierno para todo el pa\u00eds y esperamos ser receptores de visita de muchos turistas y en la previa tendremos una semana especial con dos findes largos y buenas expectativas tambi\u00e9n. En San Rafael, el nivel de reserva es del 50%, lo que quiere decir es que probablemente la ocupaci\u00f3n efectiva est\u00e9 por sobre el 60%, que es la media de la provincia\u201d.<\/strong><\/span><\/p>\n<p><span style=\"color: #000000;\">A su turno, Diego Gareca indic\u00f3 que <strong>\u201cen el marco de estas vacaciones de invierno, vamos a proponer desde el Gobierno provincial -y en conjunto con los municipios- una agenda destacada con estos conciertos de un muy buen nivel. Mariano Peralta es el director de la Orquesta Barroca y es de San Rafael. Esta es una orquesta que viene desarrollando distintas actividades. Desde luego, adem\u00e1s de estas actividades en el Centro de Congresos, vamos a tener otras para vacaciones de invierno, como ser\u00e1n distintas propuestas de teatro infantil y de t\u00edteres. Vamos a estar presentes en los 18 departamentos con distintas propuestas art\u00edsticas. En el departamento de Alvear vamos a estar tres d\u00edas con las carpas de circo. Vamos a tener una propuesta del Carrumante -que es un carro que simula justamente un teatro itinerante-, que va a estar en el Valle de Uco y en la zona Este. Vamos a tener, por supuesto, la programaci\u00f3n del Teatro Independencia, el Centro Cultural de Parque, una muestra de Chanti, la Biblioteca San Mart\u00edn y distintos sitios coordinando con el Municipio de Capital, en la Nave Cultural y coordinando con la Universidad Nacional de Cuyo. Estamos retomando una agenda que nos parece importante. La mayor cantidad de propuestas que se desarrollan en barrios son gratuitas\u201d.<\/strong><\/span><\/p>\n<h4><span style=\"color: #000000;\"><strong>Los conciertos<\/strong><\/span><\/h4>\n<p><span style=\"color: #000000;\"><em>Harry Potter sinf\u00f3nico<\/em>: viernes 12 de julio, a las 20, en Cine Teatro Lafalla de General Alvear<\/span><\/p>\n<p><span style=\"color: #000000;\"><em>Harry Potter sinf\u00f3nico<\/em>: s\u00e1bado 13 de julio, a las 17, en Centro de Congresos y Exposiciones Alfredo Bufano de San Rafael<\/span><\/p>\n<p><span style=\"color: #000000;\"><em>Star Wars sinf\u00f3nico<\/em>: s\u00e1bado 13 de julio, a las 20.30, en Centro de Congresos y Exposiciones Alfredo Bufano de San Rafael<\/span><\/p>\n<p><span style=\"color: #000000;\"><em>El Se\u00f1or de los anillos<\/em>: domingo 14 de julio, a las 19 en el Centro de Congresos y Exposiciones Alfredo Bufano de San Rafael<\/span><\/p>\n<p><span style=\"color: #000000;\">Las entradas ($5.000) est\u00e1n a la venta en<\/span>\u00a0<a href=\"http:\/\/www.entradaweb.com.ar\/\" target=\"_blank\" rel=\"noreferrer noopener\">www.entradaweb.com.ar<\/a><\/p>\n","protected":false},"excerpt":{"rendered":"<p>Como parte de las actividades previstas para las vacaciones de invierno 2024, funcionarios del Gobierno de Mendoza presentaron una destacada agenda &#8230;<\/p>\n","protected":false},"author":7,"featured_media":136267,"comment_status":"open","ping_status":"open","sticky":false,"template":"","format":"standard","meta":{"footnotes":""},"categories":[5,19],"tags":[],"class_list":["post-136266","post","type-post","status-publish","format-standard","has-post-thumbnail","hentry","category-actualidad","category-cultura"],"_links":{"self":[{"href":"https:\/\/vinasfm.com\/noticias\/wp-json\/wp\/v2\/posts\/136266","targetHints":{"allow":["GET"]}}],"collection":[{"href":"https:\/\/vinasfm.com\/noticias\/wp-json\/wp\/v2\/posts"}],"about":[{"href":"https:\/\/vinasfm.com\/noticias\/wp-json\/wp\/v2\/types\/post"}],"author":[{"embeddable":true,"href":"https:\/\/vinasfm.com\/noticias\/wp-json\/wp\/v2\/users\/7"}],"replies":[{"embeddable":true,"href":"https:\/\/vinasfm.com\/noticias\/wp-json\/wp\/v2\/comments?post=136266"}],"version-history":[{"count":1,"href":"https:\/\/vinasfm.com\/noticias\/wp-json\/wp\/v2\/posts\/136266\/revisions"}],"predecessor-version":[{"id":136268,"href":"https:\/\/vinasfm.com\/noticias\/wp-json\/wp\/v2\/posts\/136266\/revisions\/136268"}],"wp:featuredmedia":[{"embeddable":true,"href":"https:\/\/vinasfm.com\/noticias\/wp-json\/wp\/v2\/media\/136267"}],"wp:attachment":[{"href":"https:\/\/vinasfm.com\/noticias\/wp-json\/wp\/v2\/media?parent=136266"}],"wp:term":[{"taxonomy":"category","embeddable":true,"href":"https:\/\/vinasfm.com\/noticias\/wp-json\/wp\/v2\/categories?post=136266"},{"taxonomy":"post_tag","embeddable":true,"href":"https:\/\/vinasfm.com\/noticias\/wp-json\/wp\/v2\/tags?post=136266"}],"curies":[{"name":"wp","href":"https:\/\/api.w.org\/{rel}","templated":true}]}}