{"id":136261,"date":"2024-06-12T08:50:56","date_gmt":"2024-06-12T11:50:56","guid":{"rendered":"https:\/\/vinasfm.com\/noticias\/?p=136261"},"modified":"2024-06-13T09:01:19","modified_gmt":"2024-06-13T12:01:19","slug":"con-6-meses-de-gestion-molero-destaco-el-crecimiento-departamental-y-el-desarrollo-de-oportunidades","status":"publish","type":"post","link":"https:\/\/vinasfm.com\/noticias\/con-6-meses-de-gestion-molero-destaco-el-crecimiento-departamental-y-el-desarrollo-de-oportunidades\/","title":{"rendered":"CON 6 MESES DE GESTI\u00d3N, MOLERO DESTAC\u00d3 EL CRECIMIENTO DEPARTAMENTAL Y EL DESARROLLO DE OPORTUNIDADES"},"content":{"rendered":"<h4><span style=\"color: #000000;\"><strong>Una reciente encuesta evalu\u00f3 las gestiones de los 3 mandatarios del sur provincial y el Intendente de General Alvear result\u00f3 con la mejor imagen positiva. <\/strong><\/span><\/h4>\n<p><span style=\"color: #000000;\">Fue el pasado 24 de septiembre cuando Alejandro \u201cJany\u201d Molero <strong><em>result\u00f3 electo Intendente para luego, el 10 de diciembre, asumiera la gobernaci\u00f3n departamental. \u201cHemos transitado 6 meses de pura adrenalina y emoci\u00f3n\u201d<\/em><\/strong> comenz\u00f3 analizando Molero, <strong><em>\u201ctomar la gesti\u00f3n era un enorme desaf\u00edo para todo el equipo y m\u00e1s all\u00e1 de las dificultades que atravesamos hemos encontrado la forma de lograr gestiones y obras de <span style=\"color: #000000;\">relevancia para generar un impacto social\u201d.<\/span><\/em><\/strong><\/span><\/p>\n<p><span style=\"color: #000000;\">Seg\u00fan el mencionado estudio de Opini\u00f3n P\u00fablica, Molero muestra una valoraci\u00f3n positiva del 53,95% contra una negativa del 46,04%, posicion\u00e1ndose como el l\u00edder con mejor evaluaci\u00f3n en la regi\u00f3n sur.\u00a0<\/span><\/p>\n<p><span style=\"color: #000000;\"><strong><em>\u201cHan sido 6 meses muy duros pero, tambi\u00e9n, hemos encontrado una enorme evoluci\u00f3n\u201d,<\/em><\/strong> expres\u00f3 el Jefe Comunal y destac\u00f3 las tareas de limpieza e iluminaci\u00f3n que se han ejecutado en distintos puntos de General Alvear. Adem\u00e1s, se\u00f1al\u00f3 que <strong><em>\u201cse ha logrado un gran crecimiento econ\u00f3mico y de desarrollo social, generando grandes oportunidades de progreso a nuestros vecinos\u201d. <\/em><\/strong><\/span><\/p>\n<p><span style=\"color: #000000;\">La inseguridad es uno de los puntos en donde m\u00e1s ha trabajo la gesti\u00f3n de Molero. <strong><em>\u201cTuvimos la visita de la Ministra de Seguridad y Justicia de Mendoza, Mercedes Rus, y a partir de ellos nos pusimos a trabajar arduamente para ampliar la seguridad en el departamento\u201d. <\/em><\/strong>Algunas de las tareas en esta materia comprenden la puesta en marcha del m\u00f3vil preventor que recorre las calles alvearenses durante la noche, la instalaci\u00f3n de c\u00e1maras de seguridad en 5 plazas estrat\u00e9gicas del departamento y la instalaci\u00f3n de una sala de monitoreo.<\/span><\/p>\n<p>&nbsp;<\/p>\n","protected":false},"excerpt":{"rendered":"<p>Una reciente encuesta evalu\u00f3 las gestiones de los 3 mandatarios del sur provincial y el Intendente de General Alvear result\u00f3 con &#8230;<\/p>\n","protected":false},"author":7,"featured_media":131064,"comment_status":"open","ping_status":"open","sticky":false,"template":"","format":"standard","meta":{"footnotes":""},"categories":[5,78],"tags":[],"class_list":["post-136261","post","type-post","status-publish","format-standard","has-post-thumbnail","hentry","category-actualidad","category-municipalidad"],"_links":{"self":[{"href":"https:\/\/vinasfm.com\/noticias\/wp-json\/wp\/v2\/posts\/136261","targetHints":{"allow":["GET"]}}],"collection":[{"href":"https:\/\/vinasfm.com\/noticias\/wp-json\/wp\/v2\/posts"}],"about":[{"href":"https:\/\/vinasfm.com\/noticias\/wp-json\/wp\/v2\/types\/post"}],"author":[{"embeddable":true,"href":"https:\/\/vinasfm.com\/noticias\/wp-json\/wp\/v2\/users\/7"}],"replies":[{"embeddable":true,"href":"https:\/\/vinasfm.com\/noticias\/wp-json\/wp\/v2\/comments?post=136261"}],"version-history":[{"count":3,"href":"https:\/\/vinasfm.com\/noticias\/wp-json\/wp\/v2\/posts\/136261\/revisions"}],"predecessor-version":[{"id":136265,"href":"https:\/\/vinasfm.com\/noticias\/wp-json\/wp\/v2\/posts\/136261\/revisions\/136265"}],"wp:featuredmedia":[{"embeddable":true,"href":"https:\/\/vinasfm.com\/noticias\/wp-json\/wp\/v2\/media\/131064"}],"wp:attachment":[{"href":"https:\/\/vinasfm.com\/noticias\/wp-json\/wp\/v2\/media?parent=136261"}],"wp:term":[{"taxonomy":"category","embeddable":true,"href":"https:\/\/vinasfm.com\/noticias\/wp-json\/wp\/v2\/categories?post=136261"},{"taxonomy":"post_tag","embeddable":true,"href":"https:\/\/vinasfm.com\/noticias\/wp-json\/wp\/v2\/tags?post=136261"}],"curies":[{"name":"wp","href":"https:\/\/api.w.org\/{rel}","templated":true}]}}