{"id":136228,"date":"2024-06-11T11:13:45","date_gmt":"2024-06-11T14:13:45","guid":{"rendered":"https:\/\/vinasfm.com\/noticias\/?p=136228"},"modified":"2024-06-12T10:02:31","modified_gmt":"2024-06-12T13:02:31","slug":"con-una-vision-propositiva-se-presento-en-la-legislatura-un-centro-de-estudios-y-analisis-de-seguridad","status":"publish","type":"post","link":"https:\/\/vinasfm.com\/noticias\/con-una-vision-propositiva-se-presento-en-la-legislatura-un-centro-de-estudios-y-analisis-de-seguridad\/","title":{"rendered":"CON UNA VISI\u00d3N PROPOSITIVA, SE PRESENT\u00d3 EN LA LEGISLATURA UN CENTRO DE ESTUDIOS Y AN\u00c1LISIS DE SEGURIDAD"},"content":{"rendered":"<h4><span style=\"color: #000000;\">La ONG es dirigida por la ex diputada Marisa Garnica e integrado por profesionales en la tem\u00e1tica, representantes barriales y de la comunidad universitaria. Este observatorio se dedicar\u00e1 a investigar, analizar y abordar los desaf\u00edos de Seguridad de manera integral, colaborativa e innovadora.<\/span><\/h4>\n<p><span style=\"color: #000000;\">Este lunes se present\u00f3 en la Legislatura de Mendoza el Centro de Estudios y An\u00e1lisis de Seguridad de Mendoza. Se trata de una ONG (Organizaci\u00f3n No Gubernamental) que tiene como objetivo abordar los problemas de la creciente inseguridad en nuestra provincia.<\/span><\/p>\n<p><span style=\"color: #000000;\">Este observatorio de Seguridad es dirigido por la ex diputada provincial Marisa Garnica y cuenta con la participaci\u00f3n de especialistas en seguridad p\u00fablica, representantes barriales, estudiantes de carreras afines y hasta referentes parroquiales. Su objetivo es contribuir de forma propositiva a visibilizar los problemas que afectan a los mendocinos, adem\u00e1s de ser un nexo entre la comunidad y las soluciones. Previo al lanzamiento se viralizaron en redes sociales videos realizados por miembros del observatorio donde son los propios mendocinos quienes develan tanto una situaci\u00f3n alarmante de la seguridad en la provincia, como un miedo generalizado a ser v\u00edctima de un delito.<\/span><\/p>\n<p><span style=\"color: #000000;\">Participaron del lanzamiento del observatorio, adem\u00e1s de Garnica, la senadora nacional Anabel Fern\u00e1ndez Sagasti, el intendente de Malarg\u00fce Celso Jaque, los legisladores provinciales F\u00e9lix Gonz\u00e1lez, Valentina Mor\u00e1n, Natalia Vicencio y Helio Pervi\u00fa. Tambi\u00e9n estuvieron presentes concejales de distintos departamentos, muchos de ellos integrantes activos del observatorio, el cual tiene una fuerte impronta federal.<\/span><\/p>\n<p><a href=\"https:\/\/vinasfm.com\/noticias\/wp-content\/uploads\/2024\/06\/WhatsApp-Image-2024-06-11-at-10.42.47-scaled.jpeg\"><img loading=\"lazy\" decoding=\"async\" class=\"alignnone wp-image-136232\" src=\"https:\/\/vinasfm.com\/noticias\/wp-content\/uploads\/2024\/06\/WhatsApp-Image-2024-06-11-at-10.42.47-1024x669.jpeg\" alt=\"\" width=\"500\" height=\"327\" srcset=\"https:\/\/vinasfm.com\/noticias\/wp-content\/uploads\/2024\/06\/WhatsApp-Image-2024-06-11-at-10.42.47-1024x669.jpeg 1024w, https:\/\/vinasfm.com\/noticias\/wp-content\/uploads\/2024\/06\/WhatsApp-Image-2024-06-11-at-10.42.47-300x196.jpeg 300w, https:\/\/vinasfm.com\/noticias\/wp-content\/uploads\/2024\/06\/WhatsApp-Image-2024-06-11-at-10.42.47-768x502.jpeg 768w, https:\/\/vinasfm.com\/noticias\/wp-content\/uploads\/2024\/06\/WhatsApp-Image-2024-06-11-at-10.42.47-1536x1004.jpeg 1536w, https:\/\/vinasfm.com\/noticias\/wp-content\/uploads\/2024\/06\/WhatsApp-Image-2024-06-11-at-10.42.47-2048x1338.jpeg 2048w\" sizes=\"auto, (max-width: 500px) 100vw, 500px\" \/><\/a><\/p>\n<p><span style=\"color: #000000;\">Al hablar sobre el CEASM (Centro de Estudios y An\u00e1lisis de Seguridad de Mendoza) Garnica destac\u00f3: <strong><em>\u00abConvocamos a mendocinos y mendocinas comprometidos con el tema que est\u00e9n dispuestos a trabajar por una Mendoza m\u00e1s segura. Nuestro norte es la Seguridad de la gente, que podamos vivir en paz, ayudar a recuperar el entramado social\u00bb.<\/em><\/strong> <em><strong>\u00abEl cambio de paradigma, desde nuestra visi\u00f3n, es la construcci\u00f3n del di\u00e1logo social para organizar a la comunidad con el liderazgo de un gobierno que escuche a todos: Poder Judicial, Legislativo, Organizaciones Sociales, penitenciarios, la Iglesia, los clubes. La Seguridad no es un problema que se resuelva en un ministerio, es una responsabilidad del gobernador\u00bb<\/strong><\/em>, agreg\u00f3.<\/span><\/p>\n<p><span style=\"color: #000000;\">Entre las medidas que el observatorio est\u00e1 llevando a cabo se encuentra la Encuesta Integral sobre Seguridad Ciudadana en Mendoza, la cual ya fue respondida por m\u00e1s de 2.000 personas y cuyos datos ser\u00e1n importantes para establecer diversos patrones que ayuden a establecer la magnitud del problema, as\u00ed como buscar soluciones eficientes.<\/span><\/p>\n<p><span style=\"color: #000000;\">El evento cont\u00f3 con la participaci\u00f3n activa de expertos en seguridad, l\u00edderes comunitarios y representantes de la sociedad civil, quienes expresaron su apoyo y reconocimiento a esta iniciativa. Adem\u00e1s, se destacaron las tecnolog\u00edas de vanguardia que ser\u00e1n implementadas para la recopilaci\u00f3n, an\u00e1lisis y difusi\u00f3n de informaci\u00f3n relevante sobre la situaci\u00f3n de la seguridad en la provincia.<\/span><\/p>\n<p><span style=\"color: #000000;\">La presentaci\u00f3n del observatorio cont\u00f3 con la presencia de Santiago Boggione, polit\u00f3logo graduado de la UNR con especialidad en Seguridad P\u00fablica. Boggione actualmente es Director de la carrera de Ciencias Pol\u00edticas y Relaciones Internacionales de la Universidad Cat\u00f3gica Argentina (UCA). En el paso asesor\u00f3 en Seguridad al gobierno Nacional, la Ciudad de Buenos Aires y la provincia de Buenos Aires, indistintamente de partido pol\u00edtico gobernante.<\/span><\/p>\n<p><span style=\"color: #000000;\">Por su parte, Boggione mostr\u00f3 su experiencia en la materia asegurando que: <strong><em>\u00abLa respuesta del Estado a las emergencias no puede ser siempre la misma: mandar un m\u00f3vil con 2 polic\u00edas. El 911 es un embudo de problemas diversos que se deben abordar desde distintas perspectivas. Todas las \u00e1reas del Estado deben comprometerse en la Seguridad: la educaci\u00f3n, la salud, el deporte. La coordinaci\u00f3n y el liderazgo son claves. La respuesta punitiva no puede llevarse todo puesto\u00bb.<\/em><\/strong><\/span><\/p>\n<p><span style=\"color: #000000;\">Qui\u00e9n tambi\u00e9n hizo uso de la palabra fue la senadora nacional Anabel Fern\u00e1ndez Sagasti, qui\u00e9n mostr\u00f3 su apoyo al lanzamiento de esto observatorio al resaltar: <em><strong>\u00abNo queremos confrontar con el gobierno, sino todo lo contrario. Ayudar a escuchar, organizar la demanda de la gente y proponer soluciones, porque hoy la \u00fanica certeza que tenemos los mendocinos en materia de Seguridad es el miedo. En cada uno de los barrios que recorremos nos dicen que el miedo a ser v\u00edctimas de un delito es su mayor preocupaci\u00f3n en paralelo con el consumo y la venta de drogas\u00bb.<\/strong><\/em><\/span><\/p>\n<p><span style=\"color: #000000;\"><em><strong>\u00abEs imprecindible tener datos certeros. No podemos combatir el delito con nula infraestructura para la Polic\u00eda, porque nisiquiera le prov\u00e9en los instrumentos de trabajo a los efectivos, que para colmo tienen sueldos paup\u00e9rrimos. Esperamos, realmente, que el Gobierno provincial no sea inmaduro y escuche nuestras propuestas para ayudar a los mendocinos y mendocinas. Este Centro de Estudios es para escuchar y generar estrategias para garantizar el derecho a la seguridad que tenemos todos los ciudadanos de Mendoza vivamos donde vivamos y pensemos lo que pensemos\u00bb<\/strong><\/em>, concluy\u00f3 la senadora nacional.<\/span><\/p>\n<p><span style=\"color: #000000;\">Finalmente, desde el Centro de Estudios y An\u00e1lisis de Seguridad informaron que en los pr\u00f3ximas d\u00edas brindar\u00e1n m\u00e1s informaci\u00f3n sobre los datos que han obtenido, as\u00ed como propuestas concretas para mejorar la seguridad de la gente.<\/span><\/p>\n","protected":false},"excerpt":{"rendered":"<p>La ONG es dirigida por la ex diputada Marisa Garnica e integrado por profesionales en la tem\u00e1tica, representantes barriales y de &#8230;<\/p>\n","protected":false},"author":7,"featured_media":136229,"comment_status":"open","ping_status":"open","sticky":false,"template":"","format":"standard","meta":{"footnotes":""},"categories":[5,10],"tags":[],"class_list":["post-136228","post","type-post","status-publish","format-standard","has-post-thumbnail","hentry","category-actualidad","category-destacadas"],"_links":{"self":[{"href":"https:\/\/vinasfm.com\/noticias\/wp-json\/wp\/v2\/posts\/136228","targetHints":{"allow":["GET"]}}],"collection":[{"href":"https:\/\/vinasfm.com\/noticias\/wp-json\/wp\/v2\/posts"}],"about":[{"href":"https:\/\/vinasfm.com\/noticias\/wp-json\/wp\/v2\/types\/post"}],"author":[{"embeddable":true,"href":"https:\/\/vinasfm.com\/noticias\/wp-json\/wp\/v2\/users\/7"}],"replies":[{"embeddable":true,"href":"https:\/\/vinasfm.com\/noticias\/wp-json\/wp\/v2\/comments?post=136228"}],"version-history":[{"count":3,"href":"https:\/\/vinasfm.com\/noticias\/wp-json\/wp\/v2\/posts\/136228\/revisions"}],"predecessor-version":[{"id":136233,"href":"https:\/\/vinasfm.com\/noticias\/wp-json\/wp\/v2\/posts\/136228\/revisions\/136233"}],"wp:featuredmedia":[{"embeddable":true,"href":"https:\/\/vinasfm.com\/noticias\/wp-json\/wp\/v2\/media\/136229"}],"wp:attachment":[{"href":"https:\/\/vinasfm.com\/noticias\/wp-json\/wp\/v2\/media?parent=136228"}],"wp:term":[{"taxonomy":"category","embeddable":true,"href":"https:\/\/vinasfm.com\/noticias\/wp-json\/wp\/v2\/categories?post=136228"},{"taxonomy":"post_tag","embeddable":true,"href":"https:\/\/vinasfm.com\/noticias\/wp-json\/wp\/v2\/tags?post=136228"}],"curies":[{"name":"wp","href":"https:\/\/api.w.org\/{rel}","templated":true}]}}