{"id":136225,"date":"2024-06-11T11:00:09","date_gmt":"2024-06-11T14:00:09","guid":{"rendered":"https:\/\/vinasfm.com\/noticias\/?p=136225"},"modified":"2024-06-12T10:02:54","modified_gmt":"2024-06-12T13:02:54","slug":"cuando-podria-iniciar-la-temporada-de-las-lenas","status":"publish","type":"post","link":"https:\/\/vinasfm.com\/noticias\/cuando-podria-iniciar-la-temporada-de-las-lenas\/","title":{"rendered":"\u00bfCU\u00c1NDO PODR\u00cdA INICIAR LA TEMPORADA DE LAS LE\u00d1AS?"},"content":{"rendered":"<p><span style=\"color: #000000;\"><strong>La fecha de apertura estaba pactada para el 15 de junio pero, debido a que los mil\u00edmetros de nieve precipitados no son los ideales, la fecha de apertura se pospuso.<\/strong><\/span><\/p>\n<p><span style=\"color: #000000;\">El corresponsal malarg\u00fcino Eduardo Araujo explic\u00f3 que<strong><em> \u201csi bien se esperaba poder iniciar la temporada de Las Le\u00f1as a mediados de junio, el gerente de monta\u00f1a determin\u00f3 que, si las condiciones clim\u00e1ticas son las esperadas; la temporada podr\u00eda comenzar el 29 de junio\u201d.<\/em><\/strong><\/span><\/p>\n<p><span style=\"color: #000000;\">Desde la organizaci\u00f3n emitieron un comunicado:<em>\u00a0\u00abA partir de los pron\u00f3sticos meteorol\u00f3gicos y con la \u00fanica intenci\u00f3n de tener la monta\u00f1a en las mejores condiciones posibles, queremos comunicar la apertura de la temporada 2024 para el S\u00e1bado 29 de Junio fecha en la cual, la condici\u00f3n n\u00edvea, nos permitir\u00eda contar con todas las pistas en condiciones. Esta es una noticia muy esperada por todos ustedes y por todos los que formamos parte de Valle de Las Le\u00f1as S.A. Siempre y cuando se cumplan los pron\u00f3sticos, nos vemos en breve en las pistas\u00bb.\u00a0<\/em><\/span><\/p>\n<p><span style=\"color: #000000;\">Si bien el clima de Malarg\u00fce acostumbra a presenciar una gran nevada en el mes de mayo, este a\u00f1o las precipitaciones pintaron de blanco Las Le\u00f1as pero los mil\u00edmetros no fueron suficientes. Araujo record\u00f3 que <em><strong>\u201cla pasada temporada inici\u00f3 a principios de julio porque fue cuando se registraron las nevadas m\u00e1s grandes\u201d. <\/strong><\/em><\/span><\/p>\n","protected":false},"excerpt":{"rendered":"<p>La fecha de apertura estaba pactada para el 15 de junio pero, debido a que los mil\u00edmetros de nieve precipitados no &#8230;<\/p>\n","protected":false},"author":7,"featured_media":136226,"comment_status":"open","ping_status":"open","sticky":false,"template":"","format":"standard","meta":{"footnotes":""},"categories":[5,21],"tags":[],"class_list":["post-136225","post","type-post","status-publish","format-standard","has-post-thumbnail","hentry","category-actualidad","category-turismo-2"],"_links":{"self":[{"href":"https:\/\/vinasfm.com\/noticias\/wp-json\/wp\/v2\/posts\/136225","targetHints":{"allow":["GET"]}}],"collection":[{"href":"https:\/\/vinasfm.com\/noticias\/wp-json\/wp\/v2\/posts"}],"about":[{"href":"https:\/\/vinasfm.com\/noticias\/wp-json\/wp\/v2\/types\/post"}],"author":[{"embeddable":true,"href":"https:\/\/vinasfm.com\/noticias\/wp-json\/wp\/v2\/users\/7"}],"replies":[{"embeddable":true,"href":"https:\/\/vinasfm.com\/noticias\/wp-json\/wp\/v2\/comments?post=136225"}],"version-history":[{"count":1,"href":"https:\/\/vinasfm.com\/noticias\/wp-json\/wp\/v2\/posts\/136225\/revisions"}],"predecessor-version":[{"id":136227,"href":"https:\/\/vinasfm.com\/noticias\/wp-json\/wp\/v2\/posts\/136225\/revisions\/136227"}],"wp:featuredmedia":[{"embeddable":true,"href":"https:\/\/vinasfm.com\/noticias\/wp-json\/wp\/v2\/media\/136226"}],"wp:attachment":[{"href":"https:\/\/vinasfm.com\/noticias\/wp-json\/wp\/v2\/media?parent=136225"}],"wp:term":[{"taxonomy":"category","embeddable":true,"href":"https:\/\/vinasfm.com\/noticias\/wp-json\/wp\/v2\/categories?post=136225"},{"taxonomy":"post_tag","embeddable":true,"href":"https:\/\/vinasfm.com\/noticias\/wp-json\/wp\/v2\/tags?post=136225"}],"curies":[{"name":"wp","href":"https:\/\/api.w.org\/{rel}","templated":true}]}}