{"id":136177,"date":"2024-06-10T09:36:05","date_gmt":"2024-06-10T12:36:05","guid":{"rendered":"https:\/\/vinasfm.com\/noticias\/?p=136177"},"modified":"2024-06-11T09:26:32","modified_gmt":"2024-06-11T12:26:32","slug":"aguinaldo-el-gobierno-provincial-confirmo-la-fecha-de-cobro-de-los-estatales","status":"publish","type":"post","link":"https:\/\/vinasfm.com\/noticias\/aguinaldo-el-gobierno-provincial-confirmo-la-fecha-de-cobro-de-los-estatales\/","title":{"rendered":"AGUINALDO: EL GOBIERNO PROVINCIAL CONFIRM\u00d3 LA FECHA DE COBRO DE LOS ESTATALES"},"content":{"rendered":"<h4><span style=\"color: #000000;\">En la cuena oficial de X, el Gobierno de Mendoza anunci\u00f3 que el 14 de junio estar\u00e1 depositado el aguinaldo de todos los emplados estatales.<\/span><\/h4>\n<p><span style=\"color: #000000;\">El Sueldo Anual Complementario (SAC) se divide en dos pagos: un\u00a0<b>medio aguinaldo en junio\u00a0<\/b>y otro en diciembre.<\/span><\/p>\n<p><span style=\"color: #000000;\">Cada medio aguinaldo corresponde al 50% de la mayor remuneraci\u00f3n mensual percibida por el trabajador dentro de cada uno de los semestres.<\/span><\/p>\n<p><span style=\"color: #000000;\">La primera cuota se paga en la \u00faltima jornada laboral del mes de junio y la segunda cuota en la \u00faltima jornada laboral de diciembre.<\/span><\/p>\n<p><span style=\"color: #000000;\">Si durante el semestre la trabajadora no trabaj\u00f3 todos los meses (ya sea porque empez\u00f3 a trabajar recientemente o porque se extingui\u00f3 el contrato) hay que<b>\u00a0pagarle el proporcional a los meses trabajados.<\/b><\/span><\/p>\n<p><img loading=\"lazy\" decoding=\"async\" class=\"\" src=\"https:\/\/pbs.twimg.com\/media\/GPtR5JGW4AAC9Rz?format=jpg&amp;name=small\" alt=\"Imagen\" width=\"449\" height=\"449\" \/><\/p>\n<div class=\"zone zone_interp\">\n<aside class=\"piece banner standard\">\n<aside id=\"adbanner\" class=\"adbanner\" data-type=\"dfp\">\n<div id=\"entreparrafos1\" data-dfp-banner-display=\"1\" data-dfp-path=\"\/22966415484\/entreparrafos1\" data-dfp-type=\"entreparrafos\" data-dfp-id=\"entreparrafos1\" data-google-query-id=\"CLm9iMGF0YYDFRO3lQIdbMwDgg\"><strong><span style=\"color: #000000;\">Los estatales de Mendoza ya tienen fecha de cobro, este viernes 14 de junio estar\u00e1 depositado del SAC seg\u00fan anunciaron v\u00eda X.<\/span><\/strong><\/div>\n<\/aside>\n<\/aside>\n<\/div>\n","protected":false},"excerpt":{"rendered":"<p>En la cuena oficial de X, el Gobierno de Mendoza anunci\u00f3 que el 14 de junio estar\u00e1 depositado el aguinaldo de &#8230;<\/p>\n","protected":false},"author":7,"featured_media":136178,"comment_status":"open","ping_status":"open","sticky":false,"template":"","format":"standard","meta":{"footnotes":""},"categories":[5,16],"tags":[],"class_list":["post-136177","post","type-post","status-publish","format-standard","has-post-thumbnail","hentry","category-actualidad","category-economia"],"_links":{"self":[{"href":"https:\/\/vinasfm.com\/noticias\/wp-json\/wp\/v2\/posts\/136177","targetHints":{"allow":["GET"]}}],"collection":[{"href":"https:\/\/vinasfm.com\/noticias\/wp-json\/wp\/v2\/posts"}],"about":[{"href":"https:\/\/vinasfm.com\/noticias\/wp-json\/wp\/v2\/types\/post"}],"author":[{"embeddable":true,"href":"https:\/\/vinasfm.com\/noticias\/wp-json\/wp\/v2\/users\/7"}],"replies":[{"embeddable":true,"href":"https:\/\/vinasfm.com\/noticias\/wp-json\/wp\/v2\/comments?post=136177"}],"version-history":[{"count":3,"href":"https:\/\/vinasfm.com\/noticias\/wp-json\/wp\/v2\/posts\/136177\/revisions"}],"predecessor-version":[{"id":136184,"href":"https:\/\/vinasfm.com\/noticias\/wp-json\/wp\/v2\/posts\/136177\/revisions\/136184"}],"wp:featuredmedia":[{"embeddable":true,"href":"https:\/\/vinasfm.com\/noticias\/wp-json\/wp\/v2\/media\/136178"}],"wp:attachment":[{"href":"https:\/\/vinasfm.com\/noticias\/wp-json\/wp\/v2\/media?parent=136177"}],"wp:term":[{"taxonomy":"category","embeddable":true,"href":"https:\/\/vinasfm.com\/noticias\/wp-json\/wp\/v2\/categories?post=136177"},{"taxonomy":"post_tag","embeddable":true,"href":"https:\/\/vinasfm.com\/noticias\/wp-json\/wp\/v2\/tags?post=136177"}],"curies":[{"name":"wp","href":"https:\/\/api.w.org\/{rel}","templated":true}]}}