{"id":136165,"date":"2024-06-10T09:07:40","date_gmt":"2024-06-10T12:07:40","guid":{"rendered":"https:\/\/vinasfm.com\/noticias\/?p=136165"},"modified":"2024-06-11T09:27:24","modified_gmt":"2024-06-11T12:27:24","slug":"mas-de-5-mil-personas-disfrutaron-del-automovilismo-en-el-victor-garcia","status":"publish","type":"post","link":"https:\/\/vinasfm.com\/noticias\/mas-de-5-mil-personas-disfrutaron-del-automovilismo-en-el-victor-garcia\/","title":{"rendered":"M\u00c1S DE 5 MIL PERSONAS DISFRUTARON DEL AUTOMOVILISMO EN EL V\u00cdCTOR GARC\u00cdA"},"content":{"rendered":"<h4><span style=\"color: #000000;\">Alvear vivi\u00f3 un fin de semana hist\u00f3rico con la celebraci\u00f3n de un evento automovil\u00edstico que atrajo a m\u00e1s de 5 mil personas ansiosas de emociones y velocidad. <\/span><\/h4>\n<p><span style=\"color: #000000;\">El escenario del V\u00edctor Garc\u00eda fue testigo de un r\u00e9cord absoluto de asistencia, demostrando una vez m\u00e1s la pasi\u00f3n desenfrenada que la comunidad alvearense siente por el mundo de los motores.<\/span><\/p>\n<p><span style=\"color: #000000;\">El ruido, la emoci\u00f3n y la adrenalina se apoderaron del ambiente, mientras los motores rug\u00edan en la pista, deleitando a los aficionados que se congregaron para disfrutar del espect\u00e1culo.<\/span><\/p>\n<p><span style=\"color: #000000;\">La presencia masiva de entusiastas resalta la relevancia y el impacto positivo que eventos de esta naturaleza tienen en la comunidad, promoviendo el entretenimiento sano y fortaleciendo los lazos entre vecinos en torno a una pasi\u00f3n compartida.<\/span><\/p>\n<p><a href=\"https:\/\/vinasfm.com\/noticias\/wp-content\/uploads\/2024\/06\/a089dfd4-ce99-4f32-89cf-0eb8babaa9e7.jpg\"><img loading=\"lazy\" decoding=\"async\" class=\"alignnone wp-image-136168\" src=\"https:\/\/vinasfm.com\/noticias\/wp-content\/uploads\/2024\/06\/a089dfd4-ce99-4f32-89cf-0eb8babaa9e7-1024x682.jpg\" alt=\"\" width=\"400\" height=\"267\" srcset=\"https:\/\/vinasfm.com\/noticias\/wp-content\/uploads\/2024\/06\/a089dfd4-ce99-4f32-89cf-0eb8babaa9e7-1024x682.jpg 1024w, https:\/\/vinasfm.com\/noticias\/wp-content\/uploads\/2024\/06\/a089dfd4-ce99-4f32-89cf-0eb8babaa9e7-300x200.jpg 300w, https:\/\/vinasfm.com\/noticias\/wp-content\/uploads\/2024\/06\/a089dfd4-ce99-4f32-89cf-0eb8babaa9e7-768x512.jpg 768w, https:\/\/vinasfm.com\/noticias\/wp-content\/uploads\/2024\/06\/a089dfd4-ce99-4f32-89cf-0eb8babaa9e7-1536x1023.jpg 1536w, https:\/\/vinasfm.com\/noticias\/wp-content\/uploads\/2024\/06\/a089dfd4-ce99-4f32-89cf-0eb8babaa9e7.jpg 1600w\" sizes=\"auto, (max-width: 400px) 100vw, 400px\" \/><\/a> <a href=\"https:\/\/vinasfm.com\/noticias\/wp-content\/uploads\/2024\/06\/80561dd6-d71c-40a7-bb52-f8eb3c0789cb.jpg\"><img loading=\"lazy\" decoding=\"async\" class=\"alignnone wp-image-136169\" src=\"https:\/\/vinasfm.com\/noticias\/wp-content\/uploads\/2024\/06\/80561dd6-d71c-40a7-bb52-f8eb3c0789cb-1024x682.jpg\" alt=\"\" width=\"400\" height=\"267\" srcset=\"https:\/\/vinasfm.com\/noticias\/wp-content\/uploads\/2024\/06\/80561dd6-d71c-40a7-bb52-f8eb3c0789cb-1024x682.jpg 1024w, https:\/\/vinasfm.com\/noticias\/wp-content\/uploads\/2024\/06\/80561dd6-d71c-40a7-bb52-f8eb3c0789cb-300x200.jpg 300w, https:\/\/vinasfm.com\/noticias\/wp-content\/uploads\/2024\/06\/80561dd6-d71c-40a7-bb52-f8eb3c0789cb-768x512.jpg 768w, https:\/\/vinasfm.com\/noticias\/wp-content\/uploads\/2024\/06\/80561dd6-d71c-40a7-bb52-f8eb3c0789cb-1536x1023.jpg 1536w, https:\/\/vinasfm.com\/noticias\/wp-content\/uploads\/2024\/06\/80561dd6-d71c-40a7-bb52-f8eb3c0789cb.jpg 1600w\" sizes=\"auto, (max-width: 400px) 100vw, 400px\" \/><\/a><\/p>\n<h6>4\u00b0 Fecha de las Tradicionales en el V\u00edctor Garc\u00eda.<\/h6>\n<p><span style=\"color: #000000;\"><em><strong>\u201cEl evento ha salido espectacular, con buen clima y mucha gente. Se trabaj\u00f3 en conjunto con la municipalidad y el ACA para que todo saliera bien. Los pilotos est\u00e1n contentos con el circuito. Se espera poder organizar una segunda fecha en lo que queda del a\u00f1o. Agradecimientos a todos los que colaboraron para el \u00e9xito del evento\u201d<\/strong><\/em>, dijo Mauricio Olgu\u00edn, desde la Direcci\u00f3n de Deportes de la comuna.<\/span><\/p>\n<p><span style=\"color: #000000;\">Este domingo no solo se marc\u00f3 un momento memorable para Alvear, sino que tambi\u00e9n subraya la importancia de continuar fomentando este tipo de actividades que enriquecen el tejido social y cultural de la regi\u00f3n.<\/span><\/p>\n<p><span style=\"color: #000000;\"><em><strong>\u201cComimos un asado con familia y amigos, disfrutando de las carreras que son espectaculares en un d\u00eda perfecto. La gente es muy fierrera y disfruta de los eventos en la zona. La entrada era accesible y el circuito estaba en buen estado\u201d<\/strong><\/em>, dijo Miguel Sevega, un vecino agolpado a las orillas del aut\u00f3dromo.<\/span><\/p>\n<p><span style=\"color: #000000;\">El \u00e9xito rotundo de esta convocatoria es un testimonio elocuente del esp\u00edritu apasionado y vibrante que define a General Alvear, consolidando su reputaci\u00f3n como epicentro del automovilismo y asegurando que eventos futuros seguir\u00e1n siendo celebrados con entusiasmo y participaci\u00f3n masiva.<\/span><\/p>\n","protected":false},"excerpt":{"rendered":"<p>Alvear vivi\u00f3 un fin de semana hist\u00f3rico con la celebraci\u00f3n de un evento automovil\u00edstico que atrajo a m\u00e1s de 5 mil &#8230;<\/p>\n","protected":false},"author":7,"featured_media":136166,"comment_status":"open","ping_status":"open","sticky":false,"template":"","format":"standard","meta":{"footnotes":""},"categories":[5,3,1],"tags":[],"class_list":["post-136165","post","type-post","status-publish","format-standard","has-post-thumbnail","hentry","category-actualidad","category-deportes","category-fmvinas"],"_links":{"self":[{"href":"https:\/\/vinasfm.com\/noticias\/wp-json\/wp\/v2\/posts\/136165","targetHints":{"allow":["GET"]}}],"collection":[{"href":"https:\/\/vinasfm.com\/noticias\/wp-json\/wp\/v2\/posts"}],"about":[{"href":"https:\/\/vinasfm.com\/noticias\/wp-json\/wp\/v2\/types\/post"}],"author":[{"embeddable":true,"href":"https:\/\/vinasfm.com\/noticias\/wp-json\/wp\/v2\/users\/7"}],"replies":[{"embeddable":true,"href":"https:\/\/vinasfm.com\/noticias\/wp-json\/wp\/v2\/comments?post=136165"}],"version-history":[{"count":1,"href":"https:\/\/vinasfm.com\/noticias\/wp-json\/wp\/v2\/posts\/136165\/revisions"}],"predecessor-version":[{"id":136170,"href":"https:\/\/vinasfm.com\/noticias\/wp-json\/wp\/v2\/posts\/136165\/revisions\/136170"}],"wp:featuredmedia":[{"embeddable":true,"href":"https:\/\/vinasfm.com\/noticias\/wp-json\/wp\/v2\/media\/136166"}],"wp:attachment":[{"href":"https:\/\/vinasfm.com\/noticias\/wp-json\/wp\/v2\/media?parent=136165"}],"wp:term":[{"taxonomy":"category","embeddable":true,"href":"https:\/\/vinasfm.com\/noticias\/wp-json\/wp\/v2\/categories?post=136165"},{"taxonomy":"post_tag","embeddable":true,"href":"https:\/\/vinasfm.com\/noticias\/wp-json\/wp\/v2\/tags?post=136165"}],"curies":[{"name":"wp","href":"https:\/\/api.w.org\/{rel}","templated":true}]}}