{"id":136163,"date":"2024-06-10T09:00:41","date_gmt":"2024-06-10T12:00:41","guid":{"rendered":"https:\/\/vinasfm.com\/noticias\/?p=136163"},"modified":"2024-06-10T09:00:41","modified_gmt":"2024-06-10T12:00:41","slug":"el-paso-pehuenche-permanecera-cerrado-durante-toda-la-jornada","status":"publish","type":"post","link":"https:\/\/vinasfm.com\/noticias\/el-paso-pehuenche-permanecera-cerrado-durante-toda-la-jornada\/","title":{"rendered":"EL PASO PEHUENCHE PERMANECER\u00c1 CERRADO DURANTE TODA LA JORNADA"},"content":{"rendered":"<h4>La media rige para todo tipo de veh\u00edculos.<\/h4>\n<p>Desde la Coordinaci\u00f3n del Paso Internacional explicaron que la decisi\u00f3n<em><strong> \u00abpermanecer\u00e1 hasta que las condiciones clim\u00e1ticas cambien y obedece a un informe t\u00e9cnico que decret\u00f3 una Alerta Temprana Preventiva para el Maule\u00bb.<\/strong> <\/em>As\u00ed mismo, recomendaron el monitoreo de las condiciones clim\u00e1ticas y el estado del Paso antes de viajar.<\/p>\n<p>La misma situaci\u00f3n ocurre en el Paso Internacional Sistema Cristo Redentor. <strong><em>\u00abSe comunica a los usuarios que hoy lunes 10 de junio, el Paso Internacional permanecer\u00e1 cerrado por condiciones clim\u00e1ticas adversas en alta monta\u00f1a\u00bb<\/em><\/strong>, anunciaron en la ma\u00f1ana de este lunes.<\/p>\n","protected":false},"excerpt":{"rendered":"<p>La media rige para todo tipo de veh\u00edculos. Desde la Coordinaci\u00f3n del Paso Internacional explicaron que la decisi\u00f3n \u00abpermanecer\u00e1 hasta que &#8230;<\/p>\n","protected":false},"author":7,"featured_media":136031,"comment_status":"open","ping_status":"open","sticky":false,"template":"","format":"standard","meta":{"footnotes":""},"categories":[1],"tags":[],"class_list":["post-136163","post","type-post","status-publish","format-standard","has-post-thumbnail","hentry","category-fmvinas"],"_links":{"self":[{"href":"https:\/\/vinasfm.com\/noticias\/wp-json\/wp\/v2\/posts\/136163","targetHints":{"allow":["GET"]}}],"collection":[{"href":"https:\/\/vinasfm.com\/noticias\/wp-json\/wp\/v2\/posts"}],"about":[{"href":"https:\/\/vinasfm.com\/noticias\/wp-json\/wp\/v2\/types\/post"}],"author":[{"embeddable":true,"href":"https:\/\/vinasfm.com\/noticias\/wp-json\/wp\/v2\/users\/7"}],"replies":[{"embeddable":true,"href":"https:\/\/vinasfm.com\/noticias\/wp-json\/wp\/v2\/comments?post=136163"}],"version-history":[{"count":1,"href":"https:\/\/vinasfm.com\/noticias\/wp-json\/wp\/v2\/posts\/136163\/revisions"}],"predecessor-version":[{"id":136164,"href":"https:\/\/vinasfm.com\/noticias\/wp-json\/wp\/v2\/posts\/136163\/revisions\/136164"}],"wp:featuredmedia":[{"embeddable":true,"href":"https:\/\/vinasfm.com\/noticias\/wp-json\/wp\/v2\/media\/136031"}],"wp:attachment":[{"href":"https:\/\/vinasfm.com\/noticias\/wp-json\/wp\/v2\/media?parent=136163"}],"wp:term":[{"taxonomy":"category","embeddable":true,"href":"https:\/\/vinasfm.com\/noticias\/wp-json\/wp\/v2\/categories?post=136163"},{"taxonomy":"post_tag","embeddable":true,"href":"https:\/\/vinasfm.com\/noticias\/wp-json\/wp\/v2\/tags?post=136163"}],"curies":[{"name":"wp","href":"https:\/\/api.w.org\/{rel}","templated":true}]}}