{"id":136148,"date":"2024-06-07T20:07:22","date_gmt":"2024-06-07T23:07:22","guid":{"rendered":"https:\/\/vinasfm.com\/noticias\/?p=136148"},"modified":"2024-06-10T09:24:51","modified_gmt":"2024-06-10T12:24:51","slug":"un-emotivo-acto-se-vivio-en-el-parque-pueblo-luna-por-el-dia-del-periodista","status":"publish","type":"post","link":"https:\/\/vinasfm.com\/noticias\/un-emotivo-acto-se-vivio-en-el-parque-pueblo-luna-por-el-dia-del-periodista\/","title":{"rendered":"UN EMOTIVO ACTO SE VIVI\u00d3 EN EL PARQUE PUEBLO LUNA POR EL D\u00cdA DEL PERIODISTA"},"content":{"rendered":"<h4><span style=\"color: #000000;\"><strong>Cada 7 de junio se celebra el D\u00eda del Periodista en todo el pa\u00eds, en conmemoraci\u00f3n a la \u00abGaceta de Buenos Aires\u00bb publicada en 1810.<\/strong><\/span><\/h4>\n<p><span style=\"color: #000000;\">Fue en el parque Pueblo Luna, de Alvear Oeste, que periodistas y comunicadores de General Alvear fueron parte de un emotivo acto dirigido por Diego Musa, director de Comunicaciones del Municipio. Adem\u00e1s, estuvieron presentes el Intendente Molero, la Diputada Escudero, funcionarios municipales, el Comisario Berm\u00fadez y la delegada distrital Jimena Garc\u00eda que hoy oficiaba de anfitriona.<\/span><\/p>\n<p><span style=\"color: #000000;\"><em><strong>\u00abHoy quiero hablarles de nuestra historia, de nuestros medios de comunicaci\u00f3n y de los periodistas locales\u00bb<\/strong><\/em>, comenz\u00f3 Musa con la antigua estaci\u00f3n de trenes detr\u00e1s, <strong><em>\u00aben este tren llegaban los diarios, algunos desde la Ciudad de Buenos Aires y otros desde Europa. Muchos llegaban con meses de tardanza pero, a\u00fan as\u00ed, todos eran esperados con ansias\u00bb.\u00a0<\/em><\/strong><\/span><\/p>\n<p><span style=\"color: #000000;\"><em><strong>\u00abLos dichosos de saber leer eran los responsables de transmitir lo que suced\u00eda en el mundo, el pa\u00eds y la provincia; sin querer se convirtieron en los primeros periodistas de General Alvear\u00bb<\/strong><\/em>, expres\u00f3. <strong><em>\u00abA mediados del siglo pasado comenz\u00f3 a llegar la tecnolog\u00eda a nuestro departamento. El esplendor de la radio, en la d\u00e9cada de 1970, se vio opacado por una de las \u00e9pocas m\u00e1s tristes y oscuras de nuestro pa\u00eds, pero fueron los periodistas quienes pusieron el cuerpo y la palabra para dar a conocer lo que suced\u00eda puertas afuera de nuestro hogar\u00bb.<\/em><\/strong><\/span><\/p>\n<p><a href=\"https:\/\/vinasfm.com\/noticias\/wp-content\/uploads\/2024\/06\/WhatsApp-Image-2024-06-10-at-08.42.55.jpeg\"><img loading=\"lazy\" decoding=\"async\" class=\"alignnone wp-image-136175\" src=\"https:\/\/vinasfm.com\/noticias\/wp-content\/uploads\/2024\/06\/WhatsApp-Image-2024-06-10-at-08.42.55-1024x684.jpeg\" alt=\"\" width=\"500\" height=\"334\" srcset=\"https:\/\/vinasfm.com\/noticias\/wp-content\/uploads\/2024\/06\/WhatsApp-Image-2024-06-10-at-08.42.55-1024x684.jpeg 1024w, https:\/\/vinasfm.com\/noticias\/wp-content\/uploads\/2024\/06\/WhatsApp-Image-2024-06-10-at-08.42.55-300x200.jpeg 300w, https:\/\/vinasfm.com\/noticias\/wp-content\/uploads\/2024\/06\/WhatsApp-Image-2024-06-10-at-08.42.55-768x513.jpeg 768w, https:\/\/vinasfm.com\/noticias\/wp-content\/uploads\/2024\/06\/WhatsApp-Image-2024-06-10-at-08.42.55-1536x1025.jpeg 1536w, https:\/\/vinasfm.com\/noticias\/wp-content\/uploads\/2024\/06\/WhatsApp-Image-2024-06-10-at-08.42.55.jpeg 1600w\" sizes=\"auto, (max-width: 500px) 100vw, 500px\" \/><\/a><\/p>\n<h6>Diego Musa, director de Comunicaciones de General Alvear<\/h6>\n<p><span style=\"color: #000000;\">Luego, el director de Comunicaciones hizo \u00e9nfasis en la importancia que tienen los medios en las comunidades. <strong><em>\u201cHace algunos d\u00edas, junto con el Sr. Intendente, estuvimos presentes en Corral de Lorca y all\u00ed los vecinos nos pidieron que volviera radio porque necesitaban la cadena solidaria\u201d.<\/em><\/strong><\/span><\/p>\n<p><span style=\"color: #000000;\">Siguiendo con su discurso, Musa destac\u00f3 que <strong><em>\u201ca mediados de la d\u00e9cada de 1980, General Alvear fue propulsor en la televisi\u00f3n, logrando que la imagen sea la informaci\u00f3n y que el rubro del periodismo se ampliara\u201d.<\/em><\/strong><\/span><\/p>\n<p><span style=\"color: #000000;\"><strong><em>\u201cTodos los que hoy nos reunimos en este acto hemos sido testigo del gran avance de la tecnolog\u00eda en los \u00faltimos 15 d\u00edas. Hoy la informaci\u00f3n viaja por muchos canales, contin\u00faan los tradicionales pero tambi\u00e9n existen las redes sociales. Cada persona tiene la posibilidad de documentar cualquier suceso, pero somos nosotros quienes debemos preocuparnos para que la informaci\u00f3n, sin importar la primicia, sea ver\u00eddica y de calidad\u201d<\/em><\/strong>, subray\u00f3 el funcionario y culmin\u00f3: <em><strong>\u201cla tecnolog\u00eda jam\u00e1s va a superar a la empat\u00eda y la capacidad de raciocinio que tiene el ser humano\u201d. \u00a0<\/strong><\/em><\/span><\/p>\n<h6><span style=\"color: #000000;\">G. Vallejos<\/span><\/h6>\n","protected":false},"excerpt":{"rendered":"<p>Cada 7 de junio se celebra el D\u00eda del Periodista en todo el pa\u00eds, en conmemoraci\u00f3n a la \u00abGaceta de Buenos &#8230;<\/p>\n","protected":false},"author":7,"featured_media":136174,"comment_status":"open","ping_status":"open","sticky":false,"template":"","format":"standard","meta":{"footnotes":""},"categories":[5,11],"tags":[],"class_list":["post-136148","post","type-post","status-publish","format-standard","has-post-thumbnail","hentry","category-actualidad","category-sociales"],"_links":{"self":[{"href":"https:\/\/vinasfm.com\/noticias\/wp-json\/wp\/v2\/posts\/136148","targetHints":{"allow":["GET"]}}],"collection":[{"href":"https:\/\/vinasfm.com\/noticias\/wp-json\/wp\/v2\/posts"}],"about":[{"href":"https:\/\/vinasfm.com\/noticias\/wp-json\/wp\/v2\/types\/post"}],"author":[{"embeddable":true,"href":"https:\/\/vinasfm.com\/noticias\/wp-json\/wp\/v2\/users\/7"}],"replies":[{"embeddable":true,"href":"https:\/\/vinasfm.com\/noticias\/wp-json\/wp\/v2\/comments?post=136148"}],"version-history":[{"count":4,"href":"https:\/\/vinasfm.com\/noticias\/wp-json\/wp\/v2\/posts\/136148\/revisions"}],"predecessor-version":[{"id":136176,"href":"https:\/\/vinasfm.com\/noticias\/wp-json\/wp\/v2\/posts\/136148\/revisions\/136176"}],"wp:featuredmedia":[{"embeddable":true,"href":"https:\/\/vinasfm.com\/noticias\/wp-json\/wp\/v2\/media\/136174"}],"wp:attachment":[{"href":"https:\/\/vinasfm.com\/noticias\/wp-json\/wp\/v2\/media?parent=136148"}],"wp:term":[{"taxonomy":"category","embeddable":true,"href":"https:\/\/vinasfm.com\/noticias\/wp-json\/wp\/v2\/categories?post=136148"},{"taxonomy":"post_tag","embeddable":true,"href":"https:\/\/vinasfm.com\/noticias\/wp-json\/wp\/v2\/tags?post=136148"}],"curies":[{"name":"wp","href":"https:\/\/api.w.org\/{rel}","templated":true}]}}