{"id":136114,"date":"2024-06-07T08:51:23","date_gmt":"2024-06-07T11:51:23","guid":{"rendered":"https:\/\/vinasfm.com\/noticias\/?p=136114"},"modified":"2024-06-10T09:10:43","modified_gmt":"2024-06-10T12:10:43","slug":"se-puede-derogar-la-ley-7722","status":"publish","type":"post","link":"https:\/\/vinasfm.com\/noticias\/se-puede-derogar-la-ley-7722\/","title":{"rendered":"\u00bfSE PUEDE DEROGAR LA LEY 7722?"},"content":{"rendered":"<h4><span style=\"color: #000000;\">La Justicia le dio un plazo de 20 d\u00edas a Mendoza para esclarecer la vigencia de la Ley #7722.<\/span><\/h4>\n<p><span style=\"color: #000000;\">Los mendocinos iniciaron la jornada del jueves con una noticia que caus\u00f3 gran preocupaci\u00f3n, y es que luego de que integrantes del Partido Verde cuestionaran la vigencia de la mencionada ley tras la\u00a0 reforma del C\u00f3digo de Procedimiento Minero, la Justicia le pidi\u00f3 a la Provincia que explicara el estado de la 7722.<\/span><\/p>\n<p><span style=\"color: #000000;\">De acuerdo a los fundamentos de los verdes <strong><em>\u201cexiste una contradicci\u00f3n entre ambas normas, se llama antinomia de Derecho y establece que la ley posterior deroga a la anterior\u201d. <\/em><\/strong><\/span><\/p>\n<p><span style=\"color: #000000;\">Consultada por <span style=\"color: #000080;\"><strong>FM VI\u00d1AS<\/strong><\/span>, la Diputada Provincial Roxana Escudero explic\u00f3 que <strong><em>\u201cestos funcionarios plantean que, con la existencia de la nueva reforma, podr\u00eda derogarse esta ley. Hay que dejar en claro que no suceder\u00e1, pero somos consientes de que la intenci\u00f3n del C\u00f3digo es establecer la mega-miner\u00eda a todo el sur mendocino gracias a la aprobaci\u00f3n de Cornejo y Casado\u201d. <\/em><\/strong><\/span><\/p>\n<p><span style=\"color: #000000;\">Escudero record\u00f3 que su voto para la reforma <strong><em>\u201csiempre fue en contra porque se conoc\u00eda a d\u00f3nde se quer\u00eda llegar, por eso es necesario que estemos atentos para que no nos pase lo mismo que en a\u00f1os anteriores\u201d.<\/em><\/strong><\/span><\/p>\n<p><span style=\"color: #000000;\">Por su parte, el Asesor de Gesti\u00f3n Ambiental de la Comuna, Denis Rabanal; se\u00f1al\u00f3 que <strong><em>\u201cesta situaci\u00f3n se ha tenido en cuenta y lo analic\u00e9 con distintos abogados quienes coincidieron en que no corre riesgo la Ley 7722\u201d.<\/em><\/strong> As\u00ed mismo explic\u00f3 que <strong><em>\u201cdentro del C\u00f3digo de Procedimiento Minero, existe un art\u00edculo que habla de los pasos ambientales a seguir se\u00f1ala que se tendr\u00e1n en cuenta los procedimientos del t\u00edtulo II del C\u00f3digo de Miner\u00eda Nacional, sin embargo no hay que olvidar que la provincias tenemos autonom\u00eda\u201d. <\/em><\/strong><\/span><\/p>\n<p><span style=\"color: #000000;\">Por \u00faltimo, Rabanal subray\u00f3 que <strong><em>\u201cla 7722 no es lo \u00fanico que nos protege de los posibles da\u00f1os de la miner\u00eda metal\u00edfera, tambi\u00e9n contamos con la <a href=\"https:\/\/www.argentina.gob.ar\/ambiente\/agua\/glaciares\/ley\">Ley de Glaciares<\/a> que no permite la instalaci\u00f3n de proyectos mineros cerca de glaciares\u201d.<\/em><\/strong><\/span><\/p>\n","protected":false},"excerpt":{"rendered":"<p>La Justicia le dio un plazo de 20 d\u00edas a Mendoza para esclarecer la vigencia de la Ley #7722. Los mendocinos &#8230;<\/p>\n","protected":false},"author":7,"featured_media":136115,"comment_status":"open","ping_status":"open","sticky":false,"template":"","format":"standard","meta":{"footnotes":""},"categories":[5,57],"tags":[],"class_list":["post-136114","post","type-post","status-publish","format-standard","has-post-thumbnail","hentry","category-actualidad","category-ley-7722"],"_links":{"self":[{"href":"https:\/\/vinasfm.com\/noticias\/wp-json\/wp\/v2\/posts\/136114","targetHints":{"allow":["GET"]}}],"collection":[{"href":"https:\/\/vinasfm.com\/noticias\/wp-json\/wp\/v2\/posts"}],"about":[{"href":"https:\/\/vinasfm.com\/noticias\/wp-json\/wp\/v2\/types\/post"}],"author":[{"embeddable":true,"href":"https:\/\/vinasfm.com\/noticias\/wp-json\/wp\/v2\/users\/7"}],"replies":[{"embeddable":true,"href":"https:\/\/vinasfm.com\/noticias\/wp-json\/wp\/v2\/comments?post=136114"}],"version-history":[{"count":3,"href":"https:\/\/vinasfm.com\/noticias\/wp-json\/wp\/v2\/posts\/136114\/revisions"}],"predecessor-version":[{"id":136118,"href":"https:\/\/vinasfm.com\/noticias\/wp-json\/wp\/v2\/posts\/136114\/revisions\/136118"}],"wp:featuredmedia":[{"embeddable":true,"href":"https:\/\/vinasfm.com\/noticias\/wp-json\/wp\/v2\/media\/136115"}],"wp:attachment":[{"href":"https:\/\/vinasfm.com\/noticias\/wp-json\/wp\/v2\/media?parent=136114"}],"wp:term":[{"taxonomy":"category","embeddable":true,"href":"https:\/\/vinasfm.com\/noticias\/wp-json\/wp\/v2\/categories?post=136114"},{"taxonomy":"post_tag","embeddable":true,"href":"https:\/\/vinasfm.com\/noticias\/wp-json\/wp\/v2\/tags?post=136114"}],"curies":[{"name":"wp","href":"https:\/\/api.w.org\/{rel}","templated":true}]}}