{"id":136106,"date":"2024-06-06T19:54:41","date_gmt":"2024-06-06T22:54:41","guid":{"rendered":"https:\/\/vinasfm.com\/noticias\/?p=136106"},"modified":"2024-06-08T10:27:27","modified_gmt":"2024-06-08T13:27:27","slug":"distintas-actividades-en-el-marco-del-dia-del-medio-ambiente-se-realizaron-esta-manana","status":"publish","type":"post","link":"https:\/\/vinasfm.com\/noticias\/distintas-actividades-en-el-marco-del-dia-del-medio-ambiente-se-realizaron-esta-manana\/","title":{"rendered":"DISTINTAS ACTIVIDADES EN EL MARCO DEL D\u00cdA DEL MEDIO AMBIENTE SE REALIZARON ESTA MA\u00d1ANA"},"content":{"rendered":"<h4>El d\u00eda 5 de junio se llevaron a cabo actividades para celebrar y recordar la importancia sobre el cuidado del ambiente.<\/h4>\n<p>Con alumnos de la escuela El Ceibo se trabaj\u00f3 en grupos donde se hicieron diferentes actividades como buscar p\u00e9rdidas de agua, plantar un \u00e1rbol aut\u00f3ctono: algarrobo. Tambi\u00e9n se realizaron banderines con mensajes ambientales, juntaron las hojas y las depositaron en el punto de compost.<\/p>\n<p><em><strong>\u201cSe lanz\u00f3 una inscripci\u00f3n para que todas las instituciones educativas soliciten un \u00e1rbol para plantar, hasta hoy ya tenemos 25 inscriptas y lanzamos la 11\u00b0 edici\u00f3n del Concurso Alvear m\u00e1s Limpio. Destinado a 7\u00b0 grado de las escuelas primarias\u201d<\/strong> <\/em>Denis Rabanal, asesor de Gesti\u00f3n Ambiental.<\/p>\n<p>El objetivo de este concurso es crear conciencia sobre la importancia de separar los residuos para reciclar en la Planta de Residuos Urbanos. Adem\u00e1s, se elegir\u00e1n 3 ganadores que obtienen importantes premios.<\/p>\n<p><em><strong>\u201cEl festejo Central del D\u00eda Mundial del Medio Ambiente se har\u00e1 el 12 de junio en el polideportivo a partir de las 9.30h con una intervenci\u00f3n del Proyecto Echarenmano, donde se trabajar\u00e1n los 4 elementos de la naturaleza. Este evento est\u00e1 destinado a secundarios, terciarios y p\u00fablico en general\u201d<\/strong> <\/em>finaliz\u00f3 el asesor.<\/p>\n","protected":false},"excerpt":{"rendered":"<p>El d\u00eda 5 de junio se llevaron a cabo actividades para celebrar y recordar la importancia sobre el cuidado del ambiente. &#8230;<\/p>\n","protected":false},"author":7,"featured_media":136107,"comment_status":"open","ping_status":"open","sticky":false,"template":"","format":"standard","meta":{"footnotes":""},"categories":[5,192],"tags":[],"class_list":["post-136106","post","type-post","status-publish","format-standard","has-post-thumbnail","hentry","category-actualidad","category-gestion-ambiental"],"_links":{"self":[{"href":"https:\/\/vinasfm.com\/noticias\/wp-json\/wp\/v2\/posts\/136106","targetHints":{"allow":["GET"]}}],"collection":[{"href":"https:\/\/vinasfm.com\/noticias\/wp-json\/wp\/v2\/posts"}],"about":[{"href":"https:\/\/vinasfm.com\/noticias\/wp-json\/wp\/v2\/types\/post"}],"author":[{"embeddable":true,"href":"https:\/\/vinasfm.com\/noticias\/wp-json\/wp\/v2\/users\/7"}],"replies":[{"embeddable":true,"href":"https:\/\/vinasfm.com\/noticias\/wp-json\/wp\/v2\/comments?post=136106"}],"version-history":[{"count":1,"href":"https:\/\/vinasfm.com\/noticias\/wp-json\/wp\/v2\/posts\/136106\/revisions"}],"predecessor-version":[{"id":136108,"href":"https:\/\/vinasfm.com\/noticias\/wp-json\/wp\/v2\/posts\/136106\/revisions\/136108"}],"wp:featuredmedia":[{"embeddable":true,"href":"https:\/\/vinasfm.com\/noticias\/wp-json\/wp\/v2\/media\/136107"}],"wp:attachment":[{"href":"https:\/\/vinasfm.com\/noticias\/wp-json\/wp\/v2\/media?parent=136106"}],"wp:term":[{"taxonomy":"category","embeddable":true,"href":"https:\/\/vinasfm.com\/noticias\/wp-json\/wp\/v2\/categories?post=136106"},{"taxonomy":"post_tag","embeddable":true,"href":"https:\/\/vinasfm.com\/noticias\/wp-json\/wp\/v2\/tags?post=136106"}],"curies":[{"name":"wp","href":"https:\/\/api.w.org\/{rel}","templated":true}]}}