{"id":136101,"date":"2024-06-06T12:07:27","date_gmt":"2024-06-06T15:07:27","guid":{"rendered":"https:\/\/vinasfm.com\/noticias\/?p=136101"},"modified":"2024-06-07T10:28:28","modified_gmt":"2024-06-07T13:28:28","slug":"es-obligatorio-el-uso-de-cadenas-en-los-vehiculos-para-circular-en-alta-montana","status":"publish","type":"post","link":"https:\/\/vinasfm.com\/noticias\/es-obligatorio-el-uso-de-cadenas-en-los-vehiculos-para-circular-en-alta-montana\/","title":{"rendered":"ES OBLIGATORIO EL USO DE CADENAS EN LOS VEH\u00cdCULOS PARA CIRCULAR EN ALTA MONTA\u00d1A"},"content":{"rendered":"<h4><span style=\"color: #000000;\">Con el pron\u00f3stico de nevadas en la zona cordillerana de Mendoza, el Ministerio de Seguridad y Justicia advierte a los conductores sobre la obligatoriedad de portar cadenas en sus veh\u00edculos. Los expertos enfatizan la importancia de ajustar las cadenas adecuadamente seg\u00fan el modelo del veh\u00edculo y brindan recomendaciones para mejorar la estabilidad en terrenos resbaladizos.<\/span><\/h4>\n<p><span style=\"color: #000000;\">El Ministerio de Seguridad y Justicia recuerda a los conductores la obligatoriedad de portar cadenas en los veh\u00edculos para circular en toda la zona cordillerana de Mendoza. La\u00a0medida se refuerza ante el pron\u00f3stico de nevadas que se avecina para el pr\u00f3ximo fin de semana en toda esa regi\u00f3n.<\/span><\/p>\n<p><span style=\"color: #000000;\"><em><strong>\u201cLas cadenas son esenciales para la seguridad en condiciones adversas de circulaci\u00f3n. Deben ajustarse a cada modelo de veh\u00edculo para garantizar su efectividad\u201d<\/strong><\/em>, enfatizaron los especialistas del ministerio.<\/span><\/p>\n<p><span style=\"color: #000000;\">Seg\u00fan explicaron los expertos, para los veh\u00edculos de tracci\u00f3n delantera, la colocaci\u00f3n de este elemento de seguridad en las ruedas delanteras es crucial para mejorar la estabilidad en terrenos resbaladizos. En el caso de camiones tipo chasis con acoplado o semi-remolque, se recomienda la instalaci\u00f3n de cadenas en todas las ruedas traseras o, al menos, en la rueda izquierda para mejorar la maniobrabilidad.<\/span><\/p>\n<p><span style=\"color: #000000;\">Adem\u00e1s de la portaci\u00f3n de cadenas, se aconseja a los conductores informarse sobre el estado del tiempo antes de emprender el viaje y hacerlo a velocidades bajas para evitar desestabilizaciones.<\/span><\/p>\n<p><span style=\"color: #000000;\">Es importante tambi\u00e9n evitar acelerar o frenar bruscamente, manteniendo el control del veh\u00edculo utilizando el volante en caso de p\u00e9rdida de estabilidad.<\/span><\/p>\n<p>&nbsp;<\/p>\n","protected":false},"excerpt":{"rendered":"<p>Con el pron\u00f3stico de nevadas en la zona cordillerana de Mendoza, el Ministerio de Seguridad y Justicia advierte a los conductores &#8230;<\/p>\n","protected":false},"author":7,"featured_media":136104,"comment_status":"open","ping_status":"open","sticky":false,"template":"","format":"standard","meta":{"footnotes":""},"categories":[5,10],"tags":[],"class_list":["post-136101","post","type-post","status-publish","format-standard","has-post-thumbnail","hentry","category-actualidad","category-destacadas"],"_links":{"self":[{"href":"https:\/\/vinasfm.com\/noticias\/wp-json\/wp\/v2\/posts\/136101","targetHints":{"allow":["GET"]}}],"collection":[{"href":"https:\/\/vinasfm.com\/noticias\/wp-json\/wp\/v2\/posts"}],"about":[{"href":"https:\/\/vinasfm.com\/noticias\/wp-json\/wp\/v2\/types\/post"}],"author":[{"embeddable":true,"href":"https:\/\/vinasfm.com\/noticias\/wp-json\/wp\/v2\/users\/7"}],"replies":[{"embeddable":true,"href":"https:\/\/vinasfm.com\/noticias\/wp-json\/wp\/v2\/comments?post=136101"}],"version-history":[{"count":2,"href":"https:\/\/vinasfm.com\/noticias\/wp-json\/wp\/v2\/posts\/136101\/revisions"}],"predecessor-version":[{"id":136105,"href":"https:\/\/vinasfm.com\/noticias\/wp-json\/wp\/v2\/posts\/136101\/revisions\/136105"}],"wp:featuredmedia":[{"embeddable":true,"href":"https:\/\/vinasfm.com\/noticias\/wp-json\/wp\/v2\/media\/136104"}],"wp:attachment":[{"href":"https:\/\/vinasfm.com\/noticias\/wp-json\/wp\/v2\/media?parent=136101"}],"wp:term":[{"taxonomy":"category","embeddable":true,"href":"https:\/\/vinasfm.com\/noticias\/wp-json\/wp\/v2\/categories?post=136101"},{"taxonomy":"post_tag","embeddable":true,"href":"https:\/\/vinasfm.com\/noticias\/wp-json\/wp\/v2\/tags?post=136101"}],"curies":[{"name":"wp","href":"https:\/\/api.w.org\/{rel}","templated":true}]}}