{"id":136085,"date":"2024-06-06T10:19:00","date_gmt":"2024-06-06T13:19:00","guid":{"rendered":"https:\/\/vinasfm.com\/noticias\/?p=136085"},"modified":"2024-06-07T09:41:35","modified_gmt":"2024-06-07T12:41:35","slug":"dos-jovenes-alvearenses-fueron-convocados-a-integrar-el-seleccionado-de-handball-para-el-nacional-de-menores","status":"publish","type":"post","link":"https:\/\/vinasfm.com\/noticias\/dos-jovenes-alvearenses-fueron-convocados-a-integrar-el-seleccionado-de-handball-para-el-nacional-de-menores\/","title":{"rendered":"DOS JOVENES ALVEARENSES FUERON CONVOCADOS A INTEGRAR EL SELECCIONADO DE HANDBALL PARA EL NACIONAL DE MENORES"},"content":{"rendered":"<h4><span style=\"color: #000000;\">Se trata de Fausto Sosa y Bianca Balverde, quienes integrar\u00e1n la Liga Sure\u00f1a de Handball (ASABAL) y competir\u00e1n en el Nacional de Menores.<\/span><\/h4>\n<p><span style=\"color: #000000;\">El profesor y coordinador de Handball, Ezequiel Barrera, destac\u00f3 que <strong><i>\u00absu convocatoria es fruto del gran desempe\u00f1o que tuvieron durante el torneo que alberg\u00f3 General Alvear en mayo. Es un gran orgullo para nuestra comunidad deportiva seguir aportando jugadores a la liga\u00bb.\u00a0<\/i><\/strong><\/span><\/p>\n<p><span style=\"color: #000000;\"><strong><i>\u00abEsto marca el principio de una carrera muy prometedora pero adem\u00e1s le da lugar a un gran crecimiento deportivo en General Alvear\u00bb<\/i><\/strong>, destac\u00f3 Barrera.\u00a0<\/span><\/p>\n<p><span style=\"color: #000000;\">Fausto Sosa, quien es categor\u00eda 2011 pero integra la categor\u00eda 2010, entrena lunes, mi\u00e9rcoles y viernes en el Polideportivo; <em><b>\u00abtuve la suerte de ser convocado de entre 32 chicos que fuimos seleccionados\u00bb<\/b><\/em>, expres\u00f3 que el joven deportista que juega de lateral izquierdo. Por su parte, Bianca Balverde juega de arquera y, al igual que Fausto fue convocada de entre 32 deportistas, <strong><i>\u00abesta es una oportunidad muy grande, sobre todo porque va a incrementar nuestra experiencia deportiva\u00bb<\/i><\/strong>, destac\u00f3.\u00a0<\/span><\/p>\n<h6>G. Vallejos<\/h6>\n","protected":false},"excerpt":{"rendered":"<p>Se trata de Fausto Sosa y Bianca Balverde, quienes integrar\u00e1n la Liga Sure\u00f1a de Handball (ASABAL) y competir\u00e1n en el Nacional &#8230;<\/p>\n","protected":false},"author":7,"featured_media":136096,"comment_status":"open","ping_status":"open","sticky":false,"template":"","format":"standard","meta":{"footnotes":""},"categories":[5,3],"tags":[],"class_list":["post-136085","post","type-post","status-publish","format-standard","has-post-thumbnail","hentry","category-actualidad","category-deportes"],"_links":{"self":[{"href":"https:\/\/vinasfm.com\/noticias\/wp-json\/wp\/v2\/posts\/136085","targetHints":{"allow":["GET"]}}],"collection":[{"href":"https:\/\/vinasfm.com\/noticias\/wp-json\/wp\/v2\/posts"}],"about":[{"href":"https:\/\/vinasfm.com\/noticias\/wp-json\/wp\/v2\/types\/post"}],"author":[{"embeddable":true,"href":"https:\/\/vinasfm.com\/noticias\/wp-json\/wp\/v2\/users\/7"}],"replies":[{"embeddable":true,"href":"https:\/\/vinasfm.com\/noticias\/wp-json\/wp\/v2\/comments?post=136085"}],"version-history":[{"count":1,"href":"https:\/\/vinasfm.com\/noticias\/wp-json\/wp\/v2\/posts\/136085\/revisions"}],"predecessor-version":[{"id":136088,"href":"https:\/\/vinasfm.com\/noticias\/wp-json\/wp\/v2\/posts\/136085\/revisions\/136088"}],"wp:featuredmedia":[{"embeddable":true,"href":"https:\/\/vinasfm.com\/noticias\/wp-json\/wp\/v2\/media\/136096"}],"wp:attachment":[{"href":"https:\/\/vinasfm.com\/noticias\/wp-json\/wp\/v2\/media?parent=136085"}],"wp:term":[{"taxonomy":"category","embeddable":true,"href":"https:\/\/vinasfm.com\/noticias\/wp-json\/wp\/v2\/categories?post=136085"},{"taxonomy":"post_tag","embeddable":true,"href":"https:\/\/vinasfm.com\/noticias\/wp-json\/wp\/v2\/tags?post=136085"}],"curies":[{"name":"wp","href":"https:\/\/api.w.org\/{rel}","templated":true}]}}