{"id":136076,"date":"2024-06-06T09:16:15","date_gmt":"2024-06-06T12:16:15","guid":{"rendered":"https:\/\/vinasfm.com\/noticias\/?p=136076"},"modified":"2024-06-07T09:43:19","modified_gmt":"2024-06-07T12:43:19","slug":"murio-otra-mujer-victima-de-la-tragedia-en-san-pedro-del-atuel","status":"publish","type":"post","link":"https:\/\/vinasfm.com\/noticias\/murio-otra-mujer-victima-de-la-tragedia-en-san-pedro-del-atuel\/","title":{"rendered":"MURI\u00d3 OTRA MUJER V\u00cdCTIMA DE LA TRAGEDIA EN SAN PEDRO DEL ATUEL"},"content":{"rendered":"<h4>Ya son 5 las v\u00edctimas fatales producto del siniestro vial que ocurri\u00f3 a mediados de abril.<\/h4>\n<p>En las \u00faltimas horas se logr\u00f3 conocer el fallecimiento de <strong>Griselda Cortes, una mujer de 52 a\u00f1os que viajaba como pasajera en el colectivo de la empresa La Uni\u00f3n<\/strong> que colision\u00f3 con un cami\u00f3n de la empresa Roig en la zona del Puente Colorado (Carmensa).<\/p>\n<p>Cortes hab\u00eda permanecido internada en el <em>Hospital Teodoro J. Schestakow<\/em> de San Rafael pero, debido a complicaciones en su cuadro de salud, <em>fue trasladada a Mendoza en donde lamentablemente falleci\u00f3<\/em> en la jornada del mi\u00e9rcoles.<strong> Se trata de la quinta v\u00edctima producto del fatal accidente que ocurri\u00f3 el pasado 12 de abril, dos de ellos -incluido el chofer del colectivo- perdieron la vida en el lugar.<\/strong><\/p>\n","protected":false},"excerpt":{"rendered":"<p>Ya son 5 las v\u00edctimas fatales producto del siniestro vial que ocurri\u00f3 a mediados de abril. En las \u00faltimas horas se &#8230;<\/p>\n","protected":false},"author":7,"featured_media":136077,"comment_status":"open","ping_status":"open","sticky":false,"template":"","format":"standard","meta":{"footnotes":""},"categories":[5,4],"tags":[],"class_list":["post-136076","post","type-post","status-publish","format-standard","has-post-thumbnail","hentry","category-actualidad","category-policiales"],"_links":{"self":[{"href":"https:\/\/vinasfm.com\/noticias\/wp-json\/wp\/v2\/posts\/136076","targetHints":{"allow":["GET"]}}],"collection":[{"href":"https:\/\/vinasfm.com\/noticias\/wp-json\/wp\/v2\/posts"}],"about":[{"href":"https:\/\/vinasfm.com\/noticias\/wp-json\/wp\/v2\/types\/post"}],"author":[{"embeddable":true,"href":"https:\/\/vinasfm.com\/noticias\/wp-json\/wp\/v2\/users\/7"}],"replies":[{"embeddable":true,"href":"https:\/\/vinasfm.com\/noticias\/wp-json\/wp\/v2\/comments?post=136076"}],"version-history":[{"count":1,"href":"https:\/\/vinasfm.com\/noticias\/wp-json\/wp\/v2\/posts\/136076\/revisions"}],"predecessor-version":[{"id":136078,"href":"https:\/\/vinasfm.com\/noticias\/wp-json\/wp\/v2\/posts\/136076\/revisions\/136078"}],"wp:featuredmedia":[{"embeddable":true,"href":"https:\/\/vinasfm.com\/noticias\/wp-json\/wp\/v2\/media\/136077"}],"wp:attachment":[{"href":"https:\/\/vinasfm.com\/noticias\/wp-json\/wp\/v2\/media?parent=136076"}],"wp:term":[{"taxonomy":"category","embeddable":true,"href":"https:\/\/vinasfm.com\/noticias\/wp-json\/wp\/v2\/categories?post=136076"},{"taxonomy":"post_tag","embeddable":true,"href":"https:\/\/vinasfm.com\/noticias\/wp-json\/wp\/v2\/tags?post=136076"}],"curies":[{"name":"wp","href":"https:\/\/api.w.org\/{rel}","templated":true}]}}