{"id":136052,"date":"2024-06-05T12:07:17","date_gmt":"2024-06-05T15:07:17","guid":{"rendered":"https:\/\/vinasfm.com\/noticias\/?p=136052"},"modified":"2024-06-06T10:22:40","modified_gmt":"2024-06-06T13:22:40","slug":"horacio-valdivia-brindo-detalles-de-lo-que-sera-la-fista-patronal-de-la-parroquia-sagrado-corazon-de-jesus","status":"publish","type":"post","link":"https:\/\/vinasfm.com\/noticias\/horacio-valdivia-brindo-detalles-de-lo-que-sera-la-fista-patronal-de-la-parroquia-sagrado-corazon-de-jesus\/","title":{"rendered":"HORACIO VALDIVIA BRIND\u00d3 DETALLES DE LO QUE SER\u00c1 LA FISTA PATRONAL DE LA PARROQUIA SAGRADO CORAZ\u00d3N DE JES\u00daS"},"content":{"rendered":"<h4><span style=\"color: #000000;\">Las actividades <strong>comenzar\u00e1n<\/strong> este jueves 6 de junio y se extender\u00e1n hasta el domingo 9.<\/span><\/h4>\n<p><span style=\"color: #000000;\">El P\u00e1rroco Horacio Valdivia expres\u00f3 que <em><strong>\u00abeste fin de semana se celebrar\u00e1 la Fiesta Patronal, con el objetivo de reflexionar y pedirle al Coraz\u00f3n de Jes\u00fas que bendiga a nuestras familias y nuestros hogares\u00bb.<\/strong><\/em> De esta manera, el d\u00eda jueves a las 20:00 horas se realizar\u00e1 la Santa Misa presidida por el <strong>Monse\u00f1or Carlos Mar\u00eda Dom\u00ednguez<\/strong>, el d\u00eda viernes en el mismo horario se celebrar\u00e1 la Fiesta Lit\u00fargica en honor al Sagrado Coraz\u00f3n de Jes\u00fas. Por \u00faltimo, el domingo 9 tendr\u00e1 lugar la procesi\u00f3n a las 16:00 horas, posteriormente se realizar\u00e1 la Santa Misa culminando con un chocolate festivo.<\/span><\/p>\n","protected":false},"excerpt":{"rendered":"<p>Las actividades comenzar\u00e1n este jueves 6 de junio y se extender\u00e1n hasta el domingo 9. El P\u00e1rroco Horacio Valdivia expres\u00f3 que &#8230;<\/p>\n","protected":false},"author":7,"featured_media":136054,"comment_status":"open","ping_status":"open","sticky":false,"template":"","format":"standard","meta":{"footnotes":""},"categories":[5,63],"tags":[],"class_list":["post-136052","post","type-post","status-publish","format-standard","has-post-thumbnail","hentry","category-actualidad","category-iglesia"],"_links":{"self":[{"href":"https:\/\/vinasfm.com\/noticias\/wp-json\/wp\/v2\/posts\/136052","targetHints":{"allow":["GET"]}}],"collection":[{"href":"https:\/\/vinasfm.com\/noticias\/wp-json\/wp\/v2\/posts"}],"about":[{"href":"https:\/\/vinasfm.com\/noticias\/wp-json\/wp\/v2\/types\/post"}],"author":[{"embeddable":true,"href":"https:\/\/vinasfm.com\/noticias\/wp-json\/wp\/v2\/users\/7"}],"replies":[{"embeddable":true,"href":"https:\/\/vinasfm.com\/noticias\/wp-json\/wp\/v2\/comments?post=136052"}],"version-history":[{"count":1,"href":"https:\/\/vinasfm.com\/noticias\/wp-json\/wp\/v2\/posts\/136052\/revisions"}],"predecessor-version":[{"id":136055,"href":"https:\/\/vinasfm.com\/noticias\/wp-json\/wp\/v2\/posts\/136052\/revisions\/136055"}],"wp:featuredmedia":[{"embeddable":true,"href":"https:\/\/vinasfm.com\/noticias\/wp-json\/wp\/v2\/media\/136054"}],"wp:attachment":[{"href":"https:\/\/vinasfm.com\/noticias\/wp-json\/wp\/v2\/media?parent=136052"}],"wp:term":[{"taxonomy":"category","embeddable":true,"href":"https:\/\/vinasfm.com\/noticias\/wp-json\/wp\/v2\/categories?post=136052"},{"taxonomy":"post_tag","embeddable":true,"href":"https:\/\/vinasfm.com\/noticias\/wp-json\/wp\/v2\/tags?post=136052"}],"curies":[{"name":"wp","href":"https:\/\/api.w.org\/{rel}","templated":true}]}}