{"id":136030,"date":"2024-06-07T08:00:17","date_gmt":"2024-06-07T11:00:17","guid":{"rendered":"https:\/\/vinasfm.com\/noticias\/?p=136030"},"modified":"2024-06-07T08:08:40","modified_gmt":"2024-06-07T11:08:40","slug":"el-paso-pehuenche-continua-cerrado","status":"publish","type":"post","link":"https:\/\/vinasfm.com\/noticias\/el-paso-pehuenche-continua-cerrado\/","title":{"rendered":"EL PASO PEHUENCHE CONTIN\u00daA CERRADO"},"content":{"rendered":"<h4><span style=\"color: #000000;\">La medida rige para todo tipo de veh\u00edculos durante la jornada de este viernes.<\/span><\/h4>\n<p><span style=\"color: #000000;\"><em><strong>\u00abAnte el anuncio de un sistema frontal para esta semana en la Regi\u00f3n del Maule, el delegado presidencial regional, Humberto Aqueveque, anunci\u00f3 el cierre del Complejo Fronterizo Pehuenche, en la comuna de San Clemente\u00bb<\/strong><\/em>, anunciaron a primera hora de este viernes. <em><strong>\u00abDicha medida permanecer\u00e1 hasta que las condiciones clim\u00e1ticascambien y obedece a un informe t\u00e9cnico de Senapred que decret\u00f3 una\u00a0Alerta Temprana\u00a0 Preventiva\u00a0para el Maule\u00bb<\/strong><\/em>, completaron.\u00a0<\/span><\/p>\n<p><span style=\"color: #000000;\"><em>Se recomienda mantener el monitoreo de las condiciones clim\u00e1ticas y el estado del Paso Internacional antes de viajar.\u00a0<\/em><\/span><\/p>\n<h2><span style=\"color: #000000;\">EL PASO CRISTO REDENTOR SE ENCUENTRA HABILITADO<\/span><\/h2>\n<p><span style=\"color: #000000;\">En cuanto al estado del Paso Internacional Cristo Redentos, desde su Coordinaci\u00f3n informaron que <em><strong>\u00abconforme a lo acordado con las autoridades de Chile, hoy jueves 6 de junio el Paso Internacional permanecer\u00e1 habilitado desde las 10:00 hasta las 19:00 horas de nuestro pa\u00eds para todo tipo de veh\u00edculos\u00bb.\u00a0<\/strong><\/em><\/span><\/p>\n","protected":false},"excerpt":{"rendered":"<p>La medida rige para todo tipo de veh\u00edculos durante la jornada de este viernes. \u00abAnte el anuncio de un sistema frontal &#8230;<\/p>\n","protected":false},"author":7,"featured_media":136031,"comment_status":"open","ping_status":"open","sticky":false,"template":"","format":"standard","meta":{"footnotes":""},"categories":[1],"tags":[],"class_list":["post-136030","post","type-post","status-publish","format-standard","has-post-thumbnail","hentry","category-fmvinas"],"_links":{"self":[{"href":"https:\/\/vinasfm.com\/noticias\/wp-json\/wp\/v2\/posts\/136030","targetHints":{"allow":["GET"]}}],"collection":[{"href":"https:\/\/vinasfm.com\/noticias\/wp-json\/wp\/v2\/posts"}],"about":[{"href":"https:\/\/vinasfm.com\/noticias\/wp-json\/wp\/v2\/types\/post"}],"author":[{"embeddable":true,"href":"https:\/\/vinasfm.com\/noticias\/wp-json\/wp\/v2\/users\/7"}],"replies":[{"embeddable":true,"href":"https:\/\/vinasfm.com\/noticias\/wp-json\/wp\/v2\/comments?post=136030"}],"version-history":[{"count":5,"href":"https:\/\/vinasfm.com\/noticias\/wp-json\/wp\/v2\/posts\/136030\/revisions"}],"predecessor-version":[{"id":136110,"href":"https:\/\/vinasfm.com\/noticias\/wp-json\/wp\/v2\/posts\/136030\/revisions\/136110"}],"wp:featuredmedia":[{"embeddable":true,"href":"https:\/\/vinasfm.com\/noticias\/wp-json\/wp\/v2\/media\/136031"}],"wp:attachment":[{"href":"https:\/\/vinasfm.com\/noticias\/wp-json\/wp\/v2\/media?parent=136030"}],"wp:term":[{"taxonomy":"category","embeddable":true,"href":"https:\/\/vinasfm.com\/noticias\/wp-json\/wp\/v2\/categories?post=136030"},{"taxonomy":"post_tag","embeddable":true,"href":"https:\/\/vinasfm.com\/noticias\/wp-json\/wp\/v2\/tags?post=136030"}],"curies":[{"name":"wp","href":"https:\/\/api.w.org\/{rel}","templated":true}]}}