{"id":136006,"date":"2024-06-04T10:00:17","date_gmt":"2024-06-04T13:00:17","guid":{"rendered":"https:\/\/vinasfm.com\/noticias\/?p=136006"},"modified":"2024-06-05T10:04:46","modified_gmt":"2024-06-05T13:04:46","slug":"ulpiano-suarez-se-sumo-a-la-defensa-del-rio-atuel","status":"publish","type":"post","link":"https:\/\/vinasfm.com\/noticias\/ulpiano-suarez-se-sumo-a-la-defensa-del-rio-atuel\/","title":{"rendered":"ULPIANO SUAREZ SE SUM\u00d3 A LA DEFENSA DEL R\u00cdO ATUEL"},"content":{"rendered":"<h4 style=\"text-align: left;\">El intendente de la Ciudad de Mendoza, Ulpiano Suarez, este lunes por la tarde expres\u00f3 su apoyo a la defensa en conjunto que autoridades provinciales, municipales y empresarios plantearon frente a los reclamos de La Pampa. Al respecto, el jefe comunal de la capital de la provincia se manifest\u00f3 en sinton\u00eda con sus pares de San Rafael, General Alvear y Malarg\u00fce.<\/h4>\n<p><strong><em>\u201cDefender nuestros recursos es obligaci\u00f3n de todos los mendocinos. Desde la Ciudad<\/em> de Mendoza acompa\u00f1amos el mensaje de unidad pol\u00edtica e institucional de los intendentes del Sur, Alejandro Molero, Omar Felix y Celso Jaque, frente a un nuevo embate del gobierno pampeano por el r\u00edo Atuel<\/strong>\u201d, sostuvo Ulpiano Suarez.<\/p>\n<p>Las exigencias de la vecina provincia de La Pampa, en el caso de obtener un fallo judicial favorable, significar\u00edan un grave perjuicio para los recursos provinciales al solicitar la liberaci\u00f3n de m\u00e1s agua del r\u00edo Atuel. Es por ello que, de esta manera, el intendente se suma a la postura de Mendoza y adhiere a esta defensa mancomunada que busca priorizar el desarrollo industrial, agr\u00edcola y econ\u00f3mico de la provincia.<\/p>\n<p>&nbsp;<\/p>\n","protected":false},"excerpt":{"rendered":"<p>El intendente de la Ciudad de Mendoza, Ulpiano Suarez, este lunes por la tarde expres\u00f3 su apoyo a la defensa en &#8230;<\/p>\n","protected":false},"author":7,"featured_media":136008,"comment_status":"open","ping_status":"open","sticky":false,"template":"","format":"standard","meta":{"footnotes":""},"categories":[5,54],"tags":[],"class_list":["post-136006","post","type-post","status-publish","format-standard","has-post-thumbnail","hentry","category-actualidad","category-conflicto-con-la-pampa"],"_links":{"self":[{"href":"https:\/\/vinasfm.com\/noticias\/wp-json\/wp\/v2\/posts\/136006","targetHints":{"allow":["GET"]}}],"collection":[{"href":"https:\/\/vinasfm.com\/noticias\/wp-json\/wp\/v2\/posts"}],"about":[{"href":"https:\/\/vinasfm.com\/noticias\/wp-json\/wp\/v2\/types\/post"}],"author":[{"embeddable":true,"href":"https:\/\/vinasfm.com\/noticias\/wp-json\/wp\/v2\/users\/7"}],"replies":[{"embeddable":true,"href":"https:\/\/vinasfm.com\/noticias\/wp-json\/wp\/v2\/comments?post=136006"}],"version-history":[{"count":1,"href":"https:\/\/vinasfm.com\/noticias\/wp-json\/wp\/v2\/posts\/136006\/revisions"}],"predecessor-version":[{"id":136009,"href":"https:\/\/vinasfm.com\/noticias\/wp-json\/wp\/v2\/posts\/136006\/revisions\/136009"}],"wp:featuredmedia":[{"embeddable":true,"href":"https:\/\/vinasfm.com\/noticias\/wp-json\/wp\/v2\/media\/136008"}],"wp:attachment":[{"href":"https:\/\/vinasfm.com\/noticias\/wp-json\/wp\/v2\/media?parent=136006"}],"wp:term":[{"taxonomy":"category","embeddable":true,"href":"https:\/\/vinasfm.com\/noticias\/wp-json\/wp\/v2\/categories?post=136006"},{"taxonomy":"post_tag","embeddable":true,"href":"https:\/\/vinasfm.com\/noticias\/wp-json\/wp\/v2\/tags?post=136006"}],"curies":[{"name":"wp","href":"https:\/\/api.w.org\/{rel}","templated":true}]}}