{"id":136005,"date":"2024-06-04T10:13:30","date_gmt":"2024-06-04T13:13:30","guid":{"rendered":"https:\/\/vinasfm.com\/noticias\/?p=136005"},"modified":"2024-06-05T10:04:27","modified_gmt":"2024-06-05T13:04:27","slug":"conclusiones-la-opinion-de-los-funcionaros-tras-la-reunion-por-la-defensa-del-rio-atuel","status":"publish","type":"post","link":"https:\/\/vinasfm.com\/noticias\/conclusiones-la-opinion-de-los-funcionaros-tras-la-reunion-por-la-defensa-del-rio-atuel\/","title":{"rendered":"CONCLUSIONES: LA OPINI\u00d3N DE LOS FUNCIONAROS TRAS LA REUNI\u00d3N POR LA DEFENSA DEL R\u00cdO ATUEL"},"content":{"rendered":"<p><strong>Durante la ma\u00f1ana del lunes distintos empresarios y funcionarios de Mendoza se reunieron en General Alvear para planear una estrategia ante la presentaci\u00f3n de La Pampa ante la Corte por el uso de las aguas del Atuel.<\/strong><\/p>\n<p>En el \u00faltimo mes, las autoridades pampeanas volvieron a exigirle a Mendoza la liberaci\u00f3n de m\u00e1s agua del r\u00edo Atuel, en concreto, 3,2m3 por segundo, de acuerdo con un fallo de la Corte Suprema de Justicia de la Naci\u00f3n. En respuesta a este accionar, el Sr. Intendente Alejandro Molero convoc\u00f3 a distintas autoridades y empresarios para planificar una estrategia en defensa del R\u00edo Atuel.<\/p>\n<p>Uno de los funcionarios que estuvo presente fue el Consejero por el R\u00edo Atuel, Gustavo Villegas. <strong><em>\u00abFue una reuni\u00f3n muy productiva porque fue la primera vez en que los tres intendentes del sur mendocino se involucraron y manifestaron la vocaci\u00f3n y voluntad pol\u00edtica por la defensa del r\u00edo\u00bb,<\/em><\/strong> destac\u00f3 inicialmente el funcionario.<\/p>\n<p><strong><em>\u00abDesde hace mucho tiempo Mendoza se viene defendiendo con distintos argumentos, recordando que no existe la cantidad de agua que remedie el noroeste pampeano\u00bb,<\/em><\/strong> manifest\u00f3 Villegas y sostuvo que <strong><em>\u00abno podemos entregar agua si va a afectar a los usos existentes en la cuenca del Atuel\u00bb.\u00a0<\/em><\/strong> As\u00ed mismo subray\u00f3 que <strong><em>\u00abMendoza siempre va a mantener este posici\u00f3n ya que La Pampa no pretende m\u00e1s que mantener vivo un conflicto y no preocuparse por la verdadera soluci\u00f3n del noroeste pampeano\u00bb.\u00a0<\/em><\/strong><\/p>\n<p>La reuni\u00f3n tambi\u00e9n cont\u00f3 con la participaci\u00f3n del Diputado Provincial Jos\u00e9 Vilches. El radical se refiri\u00f3 al acto realizado en el Sal\u00f3n San Mart\u00edn del Honorable Concejo Deliberante y se\u00f1al\u00f3 que <strong><em>\u201cMendoza ha contestado con una respuesta bien fundamentada y ajustaba a la realidad provincial\u201d.<\/em><\/strong><\/p>\n<p>&nbsp;<\/p>\n<p>El Diputado asegur\u00f3 que <strong><em>\u201csi bien durante el \u00faltimo invierno tuvimos un mayor porcentaje de precipitaciones, la provincia sigue travesando una enorme crisis h\u00eddrica y La Pampa no puede suponer que estamos haciendo un mal uso del recurso h\u00eddrico o derroch\u00e1ndolo\u201d. \u00a0<\/em><\/strong><\/p>\n<p><strong><em>\u201cEste \u00faltimo embate le ha causado una gran preocupaci\u00f3n al sector pol\u00edtico y empresarial privado porque, cumplir con el fallo de la Corte, dejar\u00eda a una gran cantidad de productores sin agua y adem\u00e1s afectar\u00eda a muchos otros rubros que tienen lugar en Mendoza\u201d, <\/em><\/strong>asegur\u00f3 Vilches y apunt\u00f3 <strong><em>\u201csi no se realizan las obras necesarias es imposible cumplir con la demanda\u201d.<\/em><\/strong><\/p>\n<p><img loading=\"lazy\" decoding=\"async\" class=\"\" src=\"https:\/\/scontent.faep16-2.fna.fbcdn.net\/v\/t39.30808-6\/447577603_7644820445614113_8743238949496286779_n.jpg?_nc_cat=109&amp;ccb=1-7&amp;_nc_sid=5f2048&amp;_nc_eui2=AeG91cP9TgI5KwSVnTz0RcoZi4kd-J2HT0mLiR34nYdPSX-_2i-Pc6f1UxH_pWX6YJLpxvFEcwXcKKi-5BCvsSFD&amp;_nc_ohc=aJ924DqpMdkQ7kNvgHjyqVU&amp;_nc_ht=scontent.faep16-2.fna&amp;cb_e2o_trans=t&amp;oh=00_AYCP6pA7oy6RKE0cyT8l05vIU8pgitr5_cxpw-yY6lkVHw&amp;oe=6664E162\" alt=\"Puede ser una imagen de 2 personas\" width=\"500\" height=\"391\" \/><\/p>\n<h6>El Senador Walther Marcolini presente en la reuni\u00f3n por la defensa del R\u00edo Atuel.<\/h6>\n<p>Por \u00faltimo, el Senador Provincial Walther Marcolini destac\u00f3 que <strong><em>\u201cesta convocatoria constituye un paso importante para visibilizar el conflicto con La Pampa frente a las inconsistencias que presenta dicha provincia en sus argumentos\u201d.<\/em><\/strong> Adem\u00e1s sostuvo que <strong><em>\u201cla foto conjunta del respaldo pol\u00edtico era importante porque demuestra que hay un amplio consenso en que la defensa por el R\u00edo Atuel sea una pol\u00edtica de Estado en Mendoza\u201d. <\/em><\/strong><\/p>\n<p><strong><em>\u201cEs importante concretar una reuni\u00f3n en Casa de Gobierno pero, sobre todo es necesario solicitar una audiencia a la Corte Suprema de Justicia porque es fundamental que se escuchen las voces de Mendoza\u201d, <\/em><\/strong>concluy\u00f3 Marcolini.<\/p>\n<h6>G. Vallejos<\/h6>\n","protected":false},"excerpt":{"rendered":"<p>Durante la ma\u00f1ana del lunes distintos empresarios y funcionarios de Mendoza se reunieron en General Alvear para planear una estrategia ante &#8230;<\/p>\n","protected":false},"author":7,"featured_media":136007,"comment_status":"open","ping_status":"open","sticky":false,"template":"","format":"standard","meta":{"footnotes":""},"categories":[5,54],"tags":[],"class_list":["post-136005","post","type-post","status-publish","format-standard","has-post-thumbnail","hentry","category-actualidad","category-conflicto-con-la-pampa"],"_links":{"self":[{"href":"https:\/\/vinasfm.com\/noticias\/wp-json\/wp\/v2\/posts\/136005","targetHints":{"allow":["GET"]}}],"collection":[{"href":"https:\/\/vinasfm.com\/noticias\/wp-json\/wp\/v2\/posts"}],"about":[{"href":"https:\/\/vinasfm.com\/noticias\/wp-json\/wp\/v2\/types\/post"}],"author":[{"embeddable":true,"href":"https:\/\/vinasfm.com\/noticias\/wp-json\/wp\/v2\/users\/7"}],"replies":[{"embeddable":true,"href":"https:\/\/vinasfm.com\/noticias\/wp-json\/wp\/v2\/comments?post=136005"}],"version-history":[{"count":1,"href":"https:\/\/vinasfm.com\/noticias\/wp-json\/wp\/v2\/posts\/136005\/revisions"}],"predecessor-version":[{"id":136010,"href":"https:\/\/vinasfm.com\/noticias\/wp-json\/wp\/v2\/posts\/136005\/revisions\/136010"}],"wp:featuredmedia":[{"embeddable":true,"href":"https:\/\/vinasfm.com\/noticias\/wp-json\/wp\/v2\/media\/136007"}],"wp:attachment":[{"href":"https:\/\/vinasfm.com\/noticias\/wp-json\/wp\/v2\/media?parent=136005"}],"wp:term":[{"taxonomy":"category","embeddable":true,"href":"https:\/\/vinasfm.com\/noticias\/wp-json\/wp\/v2\/categories?post=136005"},{"taxonomy":"post_tag","embeddable":true,"href":"https:\/\/vinasfm.com\/noticias\/wp-json\/wp\/v2\/tags?post=136005"}],"curies":[{"name":"wp","href":"https:\/\/api.w.org\/{rel}","templated":true}]}}