{"id":135990,"date":"2024-06-04T08:22:24","date_gmt":"2024-06-04T11:22:24","guid":{"rendered":"https:\/\/vinasfm.com\/noticias\/?p=135990"},"modified":"2024-06-04T10:48:59","modified_gmt":"2024-06-04T13:48:59","slug":"135990-2","status":"publish","type":"post","link":"https:\/\/vinasfm.com\/noticias\/135990-2\/","title":{"rendered":"LAS PRINCIPALES AUTORIDADES NACIONALES Y PROVINCIALES ANALIZAN EN MENDOZA NUEVAS MEDIDAS PARA PALIAR LA INSEGURIDAD Y EL NARCOTR\u00c1FICO"},"content":{"rendered":"<h4>El Gobernador Alfredo Cornejo recibi\u00f3 en Mendoza a los ministros nacionales de Seguridad, de Defensa y de Justicia y a los encargados de las carteras de seguridad de las provincias, en el marco de II Reuni\u00f3n Nacional del Consejo de Seguridad Interior. Mendoza sum\u00f3 propuestas a la mesa de debate.<\/h4>\n<p>Mendoza es sede de II Reuni\u00f3n Nacional del Consejo de Seguridad Interior. De esta manera, nuestra provincia se convirti\u00f3 en la primera del interior del pa\u00eds donde se realiza este encuentro que congrega a las m\u00e1ximas autoridades de seguridad del pa\u00eds, encabezado por el Gobernador, Alfredo Cornejo, y la vicegobernadora, Hebe Casado.<\/p>\n<p>La mesa acad\u00e9mica tambi\u00e9n estuvo compuesta por la ministra de Seguridad de la Naci\u00f3n, Patricia Bullrich; el ministro del Defensa, Luis Petri; el secretario Ejecutivo del Consejo de Seguridad Interior, Iv\u00e1n Velasco; el secretario de Articulaci\u00f3n Federal, N\u00e9stor Majul, y el ministro de Justicia de la Naci\u00f3n, Mariano C\u00faneo Libarona.<\/p>\n<p>En la oportunidad, asistieron 23 provincias, excepto Misiones, que avis\u00f3 que no podr\u00eda participar. Mendoza estuvo representada tambi\u00e9n por la ministra de Seguridad y Justicia, Mercedes Rus, y todo el gabinete de esa cartera.<\/p>\n<p>En el pre\u00e1mbulo del Consejo, Majul se\u00f1al\u00f3 que se abordar\u00e1n temas relacionados con la seguridad nacional, con el objetivo de conocer las realidades de cada provincia y articular pol\u00edticas de seguridad a nivel nacional. <em><strong>\u201cTanto el Presidente, Javier Milei, como la ministra de Seguridad nos dieron como premisa conocer cu\u00e1les son las realidades de cada una de sus provincias\u201d<\/strong><\/em>, dijo el mendocino. Y agreg\u00f3 que <em><strong>\u201cen esto nos hemos abocado y llevamos en estos cinco meses m\u00e1s de 10 provincias recorridas para articular en el escenario que nos compete, articular las pol\u00edticas de seguridad de la Naci\u00f3n junto con ustedes\u201d.<\/strong><\/em><\/p>\n<p>A su turno, la vicegobernadora agradeci\u00f3 a los presentes haber elegido a Mendoza para esta reuni\u00f3n y destac\u00f3 que esta acci\u00f3n le imprime una importancia de federal al tratamiento de este tema: <strong><em>\u201cTener a tres ministros de la Naci\u00f3n sentados en esta mesa, tener a pr\u00e1cticamente todos los ministros de seguridad del pa\u00eds habla de federalismo y de una pol\u00edtica de Estado que engloba a toda la naci\u00f3n\u201d.<\/em><\/strong><\/p>\n<p>Luego de darles la bienvenida a los presentes, el Gobernador Cornejo destac\u00f3 la relevancia de la representaci\u00f3n federal y los desaf\u00edos que tienen en distintos lugares del pa\u00eds en materia de seguridad. El mandatario afirm\u00f3 que: <em><strong>\u201cLa inseguridad aparece como el primer o el segundo problema, compitiendo con la econom\u00eda, por lo que debemos trabajar deliberadamente en los lugares correctos, realizando buenos diagn\u00f3sticos para satisfacer la demanda de seguridad de los argentinos\u201d.<\/strong><\/em><\/p>\n<p>Por su parte, la ministra Bullrich destac\u00f3 que el Consejo de Seguridad Interior es crucial para avanzar en pol\u00edticas criminales y de seguridad en todo el pa\u00eds, garantizando la seguridad de los ciudadanos. <em><strong>\u201cLos temas principales a abordar incluyen la lucha contra el narcotr\u00e1fico y la criminalidad, la coordinaci\u00f3n entre la Justicia local y federal, y la mejora de la capacidad operativa en seguridad\u201d<\/strong><\/em>, dijo la funcionaria.<\/p>\n<p>La funcionaria de Seguridad destac\u00f3 el avance <strong><em>\u201cen temas que son transversales a todas las provincias como las mejoras tecnol\u00f3gicas y la capacitaci\u00f3n de las fuerzas de seguridad, como tambi\u00e9n en la coordinaci\u00f3n de acciones y en la capacidad operativa que debemos tener como Consejo de Seguridad Interior\u201d.<\/em><\/strong><\/p>\n<p><em><strong>\u201cNuestra responsabilidad es muy grande, porque es la responsabilidad de cuidar a todos y cada uno de los argentinos y los ciudadanos que viven en nuestro pa\u00eds, y es una seguridad donde todos estamos a la par en la construcci\u00f3n de esta necesidad de mejorar la vida\u201d<\/strong><\/em>, coment\u00f3 la ministra, al tiempo que se\u00f1al\u00f3 que entre los temas a abordar est\u00e1 la lucha contra el narcotr\u00e1fico y la criminalidad, <strong><em>\u201cdonde a\u00fan faltan formas de afianzar las l\u00f3gicas que tenemos a nivel nacional y a nivel de cada una de las provincias en la conexidad que tiene el delito y el narcotr\u00e1fico\u201d.<\/em><\/strong><\/p>\n<p><img loading=\"lazy\" decoding=\"async\" class=\"\" src=\"https:\/\/www.mendoza.gov.ar\/wp-content\/uploads\/sites\/5\/2024\/06\/WhatsApp-Image-2024-06-03-at-14.24.13-700x466.jpeg\" width=\"542\" height=\"361\" \/><\/p>\n<h6>Autoridades provinciales y nacionales reunidas en Mendoza.<\/h6>\n<p>A prop\u00f3sito de esto, la responsable de la seguridad del pa\u00eds adelant\u00f3 que se presentar\u00e1n nuevas medidas de control para prevenir desv\u00edos de sustancias qu\u00edmicas entre las que se implementar\u00e1 un anillo digital federal para monitorear todo tipo de transporte ilegal y se buscar\u00e1 combatir el ingreso de bandas extranjeras con dispositivos de inhibici\u00f3n de se\u00f1al. <em><strong>\u201cNecesitamos que cada una de las provincias tenga y aporte al control para que las sustancias que se utilizan en la medicina, en los laboratorios, en las droguer\u00edas no se desv\u00eden hacia las drogas ilegales. Es fundamental la interconexi\u00f3n de todos los sistemas de control de automotores, de camiones, a modo de anillo digital que no solamente lo va a ver una provincia u otra, sino que la vamos a ver absolutamente todos\u201d.<\/strong><\/em><\/p>\n<p>Bullrich agreg\u00f3 que <em><strong>\u201cesto implica que nuestras formas de control de autom\u00f3viles no solamente incluir\u00e1n a un perro para buscar drogas, sino que tenemos que buscar inhibidores que nos generan un nuevo problema\u201d.<\/strong><\/em><\/p>\n<h2><strong>Trabajo conjunto entre las provincias y Naci\u00f3n<\/strong><\/h2>\n<p>Durante la apertura del encuentro, Cornejo se\u00f1al\u00f3 la importancia de realizar un trabajo conjunto entre la Naci\u00f3n y las provincias para abordar el problema de la seguridad. En ese sentido, advirti\u00f3 que se deben asumir responsabilidades y competencias espec\u00edficas, como la aplicaci\u00f3n de medidas para combatir la reincidencia delictiva. Pero tambi\u00e9n puso el acento en las inversiones en c\u00e1rceles, tecnolog\u00eda y programas de resocializaci\u00f3n para mejorar la convivencia social.<\/p>\n<p><em><strong>\u201cLas provincias tienen competencias espec\u00edficas sobre la seguridad, algunas muy espec\u00edficas, y no puede traslad\u00e1rselas a la Naci\u00f3n, por eso debemos asumirlas como tal\u201d<\/strong><\/em>, dijo el mandatario provincial, y explic\u00f3 que la Naci\u00f3n tiene competencias directas e indirectas en esta problem\u00e1tica y no debe traslad\u00e1rselos a las provincias.<\/p>\n<p><em><strong>\u201cLa Justicia est\u00e1 representada en los jueces, en los fiscales, federales y provinciales, que tienen su responsabilidad y la sociedad tambi\u00e9n debe hacerse cargo de, por ejemplo, no comprar bienes robados en el mercado negro\u201d<\/strong><\/em>, se\u00f1al\u00f3 el Gobernador de Mendoza. A esto, le sum\u00f3: <strong><em>\u201cNosotros tenemos una bater\u00eda de propuestas que humildemente ofrecemos desde Mendoza, algunas las hemos implementado, y otras son de estricta competencia nacional, y necesitamos que sean sancionadas por el Congreso y ejecutadas por los \u00f3rganos ejecutivos\u201d.<\/em><\/strong><\/p>\n<p>Por eso mencion\u00f3 que estas acciones pueden aplicarse en cualquier provincia. Acto seguido, puso el acento en la reiterancia: <em><strong>\u201cEs tan vulgar que las personas que detiene la polic\u00eda est\u00e9n libres en pocas horas, es tan com\u00fan en la conversaci\u00f3n del barrio, en el club, en cualquier lado, que no puede ser que lo miremos sin correcci\u00f3n alguna y sin involucrarnos en la tarea\u201d.<\/strong><\/em><\/p>\n<p>Teniendo en cuenta este panorama, Cornejo se\u00f1al\u00f3 que este tema ya se est\u00e1 aplicando en Mendoza, teniendo en cuenta una cl\u00e1usula constitucional de hace m\u00e1s de 100 a\u00f1os que existe en nuestra provincia.<em><strong> \u201cCreemos que si la Naci\u00f3n lo aplica, va a ser beneficioso para la convivencia social\u201d<\/strong><\/em>, remarc\u00f3.<\/p>\n<p>En otro paso de su discurso, habl\u00f3 sobre la importancia de invertir en c\u00e1rceles, pero tambi\u00e9n en tecnolog\u00eda, ya que esto ayuda a la resocializaci\u00f3n de las personas privadas de la libertad. <em><strong>\u201cSi no lo hacemos, vamos a seguir mostr\u00e1ndonos incapaces e incompetentes de detener a esas personas que perturban la paz social entrando a la comisar\u00eda o a una fiscal\u00eda y saliendo nuevamente en breve\u201d<\/strong><\/em>, explic\u00f3 el mandatario provincial.<\/p>\n<p>Ante esto, la ministra Bullrich explic\u00f3 que est\u00e1n trabajando en movilizar <strong><em>\u201cpresos de alto riesgo al Servicio Penitenciario Federal para sacarles el poder y la capacidad de hacer negocios criminales desde la c\u00e1rcel\u201d. Y a\u00f1adi\u00f3: \u201cNo permitirles el uso del dinero, no permitirles que sigan utilizando los tel\u00e9fonos y las familias o los amigos que los van a visitar y aislarlos significa realmente avanzar en el delito que queremos combatir\u201d.<\/em><\/strong><\/p>\n<p>Cornejo tambi\u00e9n puso a consideraci\u00f3n de los presentes una modificaci\u00f3n para tipificar el delito de robo de identidad en redes sociales. <em><strong>\u201cTambi\u00e9n desde Mendoza proponemos medidas para atacar a un delito, que son las estafas que se dan en el ciberdelito\u201d<\/strong><\/em>, y mencion\u00f3 la necesidad de que se tipifique este delito, el que permitir\u00e1 una sanci\u00f3n espec\u00edfica.<\/p>\n<p>En cuanto al robo de cables, Cornejo propuso considerar este delito como robo agravado, en tanto interfiere con el suministro de servicios p\u00fablicos b\u00e1sicos. <strong><em>\u201cEste flagelo se da en todas las provincias y no solo en los lugares urbanos, sino con solo robar 3 o 4 metros de cable, dejan sin conectividad a toda una zona y habitualmente est\u00e1 ocurriendo en todos los lugares del pa\u00eds\u201d<\/em><\/strong>, dijo el Gobernador, y sum\u00f3 una nueva iniciativa para nacionalizar: \u201c<em><strong>Una pena justa para quienes compren robando, porque quien recepta bienes es engranaje principal de ese delito\u201d.<\/strong><\/em><\/p>\n<p>Otra de las propuestas que Cornejo puso sobre la mesa es aumentar las penas para quienes conducen con alcohol de m\u00e1s de un gramo. <em><strong>\u201cEs conveniente que aumentemos las penas, sobre todo la inhabilitaci\u00f3n para manejar al conductor que mate a una persona mientras va manejando con alcohol de m\u00e1s de un gramo\u201d<\/strong><\/em>, y se\u00f1al\u00f3 que <strong><em>\u201cel C\u00f3digo Penal no penaliza la muerte y la inhabilitaci\u00f3n con quienes matan al volante habiendo tomado\u201d.<\/em><\/strong><\/p>\n<p>En este contexto, el Gobernador se mostr\u00f3 orgulloso de lo que se viene realizado en la provincia desde 2016 en materia de seguridad y dio detalles a los presentes: <em><strong>\u201cCuando llegu\u00e9 a la Gobernaci\u00f3n en diciembre del 2015 hab\u00eda alrededor de 4.000 personas privadas de la libertad. De ese total, el 70% estaba en proceso y no ten\u00eda condena firme\u201d. Posteriormente narr\u00f3 los pasos que dieron para cambiar esta situaci\u00f3n y mencion\u00f3 las modificaciones a los c\u00f3digos de procedimiento: \u201cAgregamos el Juicio por jurados, los abreviados, y hoy en Mendoza hay m\u00e1s de 7.000 personas privadas de la libertad, adem\u00e1s de haber creado m\u00e1s de 2.500 nuevas plazas de detenci\u00f3n carcelaria\u201d.<\/strong><\/em><\/p>\n<p>Adem\u00e1s, trajo a colaci\u00f3n m\u00e1s estad\u00edsticas y afirm\u00f3 que, de la totalidad, 70% est\u00e1n con condena y 30% en proceso. <em><strong>\u201cSe revirti\u00f3 absolutamente el porcentaje del proceso o en condena\u201d<\/strong><\/em>, se\u00f1al\u00f3, y coment\u00f3 que en el sistema penitenciario de Mendoza, 50% de la poblaci\u00f3n carcelaria estudia o trabaja y, al cambiar los incentivos del proceso, por haber una instrucci\u00f3n del Ministerio P\u00fablico Fiscal, toda persona que se lo encuentra con armas en la v\u00eda p\u00fablica espera su juicio en prisi\u00f3n.<\/p>\n<p>Para ampliar sus conceptos, el Gobernador dijo que es necesario complementar esto con leyes a nivel nacional para combatir el crimen organizado. Asimismo, reiter\u00f3 que, paralelamente, se requiere un orden de la macroeconom\u00eda,<em><strong> \u201cya que es fundamental para prevenir el delito\u201d.<\/strong><\/em><\/p>\n<p>En otra parte de su alusi\u00f3n, Bullrich cont\u00f3 que, en paralelo, se est\u00e1 impulsando un proyecto de ley de ADN para poder identificar a los culpables y evitar errores en los procesamientos judiciales: <em><strong>\u201cBusca generar, as\u00ed como Mendoza tiene la base de ADN m\u00e1s importante de Am\u00e9rica Latina, ahora la va a tener la Argentina. As\u00ed como la huella fue un gran descubrimiento para la pol\u00edtica criminal de nuestro pa\u00eds, el ADN, que ya se utiliza en el mundo entero, es el nuevo salto que tenemos que dar\u201d.<\/strong><\/em><\/p>\n<p>Petri mencion\u00f3 la interrelaci\u00f3n entre Defensa y Seguridad, resaltando funciones complementarias, subsidiarias, colaborativas y cooperativas entre ambos sectores. <strong><em>\u201cMendoza ya cuenta con ese registro y es imprescindible que haya registros en todas las provincias para garantizar que las investigaciones judiciales lleguen a buen puerto y para evitar la impunidad\u201d<\/em><\/strong>, dijo el funcionario, y expres\u00f3 que esto supone la unificaci\u00f3n de respuestas procesales y modificaciones de nuestros c\u00f3digos de procedimiento.<\/p>\n<p><a href=\"https:\/\/vinasfm.com\/noticias\/wp-content\/uploads\/2024\/06\/WhatsApp-Image-2024-06-03-at-14.24.15-700x468-1.jpeg\"><img loading=\"lazy\" decoding=\"async\" class=\"alignnone wp-image-135991 size-full\" src=\"https:\/\/vinasfm.com\/noticias\/wp-content\/uploads\/2024\/06\/WhatsApp-Image-2024-06-03-at-14.24.15-700x468-1.jpeg\" alt=\"\" width=\"700\" height=\"468\" srcset=\"https:\/\/vinasfm.com\/noticias\/wp-content\/uploads\/2024\/06\/WhatsApp-Image-2024-06-03-at-14.24.15-700x468-1.jpeg 700w, https:\/\/vinasfm.com\/noticias\/wp-content\/uploads\/2024\/06\/WhatsApp-Image-2024-06-03-at-14.24.15-700x468-1-300x201.jpeg 300w\" sizes=\"auto, (max-width: 700px) 100vw, 700px\" \/><\/a><\/p>\n<h6>De izquierda a derecha: Hebe Casado (Vicegobernadora), Patricia Bulrich (Ministra de Seguridad de la Naci\u00f3n), Alfredo Cornejo (Gobernador), Luis Petri (Ministro de Defensa de la Naci\u00f3n) y Mercedes Rus (Ministra de Seguridad y Justicia de la Provincia)<\/h6>\n<h2><strong>Narcotr\u00e1fico<\/strong><\/h2>\n<p>En cuanto a la problem\u00e1tica del narcotr\u00e1fico, el ministro de Defensa asegur\u00f3 que requiere de respuestas integrales que abarcan la Justicia, la inteligencia criminal, las investigaciones patrimoniales y la custodia de fronteras. <strong><em>\u201cEs crucial contar con el apoyo de las fuerzas armadas para evitar la penetraci\u00f3n de organizaciones criminales en el territorio argentino\u201d<\/em><\/strong>, se\u00f1al\u00f3 el funcionario nacional.<\/p>\n<p>En la misma l\u00ednea, Petri mencion\u00f3 la necesidad de modificar el paradigma de las Fuerzas Armadas para adaptarse a las nuevas amenazas y desaf\u00edos del mundo actual, como las guerras h\u00edbridas y asim\u00e9tricas. Trajo a colaci\u00f3n que se requiere de una norma que modifique la Ley de Seguridad Interior para establecer una alternativa intermedia entre la m\u00ednima y la m\u00e1xima intervenci\u00f3n, especialmente en casos de terrorismo, donde las Fuerzas Armadas puedan complementar las tareas de las fuerzas de seguridad provinciales y nacionales.<\/p>\n<h2><strong>El rol de la Justicia<\/strong><\/h2>\n<p>A su turno, el ministro C\u00faneo Libarona tambi\u00e9n destac\u00f3 <strong>\u201cla importancia que sea Mendoza elegida para este encuentro nacional al se\u00f1alar que \u201cesta provincia es muy progresista y actualizada\u201d.<\/strong> Adem\u00e1s, afirm\u00f3 que en esta reuni\u00f3n, las autoridades tienen el compromiso en la tutela de la libertad, la vida y el patrimonio de los habitantes, as\u00ed como en la modificaci\u00f3n de la Justicia para reconciliarse con la sociedad.<\/p>\n<p>El ministro de Justicia de la Naci\u00f3n habl\u00f3 sobre la importancia que posee este Consejo de Seguridad Interior y mencion\u00f3 varios puntos que est\u00e1n incluidos en Ley 24059, ya que explic\u00f3 que all\u00ed se sientan las bases legales, org\u00e1nicas y funcionales <em><strong>\u201cpara que con esfuerzo nacional de todos exista una seguridad interior\u201d<\/strong><\/em>. A este punto le agreg\u00f3 la elaboraci\u00f3n de pol\u00edticas y planes de seguridad interior y la ejecuci\u00f3n de acciones pendientes a garantizar un adecuado nivel de seguridad interior.<\/p>\n<p>Asimismo, el abogado remarc\u00f3 que la Justicia tiene que ser modificada en el \u00e1mbito federal: <strong><em>\u201cTiene que haber una reconciliaci\u00f3n con la sociedad y tutelar a las v\u00edctimas y su dolor. Tengo la convicci\u00f3n que si se ataca el producto del delito, el delito no puede dar nunca frutos y beneficios\u201d.<\/em><\/strong><\/p>\n<p>Para cerrar, la ministra de Seguridad tambi\u00e9n se refiri\u00f3 al proyecto antimafia que presenta su cartera: <strong><em>\u201cEl otro proyecto que estamos presentando es el de organizaciones criminales, el proyecto antimafia\u201d.<\/em><\/strong> Adem\u00e1s, se\u00f1al\u00f3 que no estar\u00e1 vigente todo el tiempo, sino en lugares con caracter\u00edsticas narcoterroristas como sucedi\u00f3 en Rosario. <em><strong>\u201cSe aplicar\u00e1 cuando el gobernador, la Justicia y los ministerios decidan una situaci\u00f3n excepcional. Este tipo de proyecto es lo que desarm\u00f3 las mafias en Italia y las bandas criminales en Estados Unidos, es lo que desarm\u00f3 al pa\u00eds m\u00e1s violento del mundo, que es El Salvador, que muchos tienen cr\u00edticas, pero pas\u00f3 de tener 145 muertos cada 100.000 a tener 2 cada 100.000\u201d<\/strong><\/em>, sostuvo.<\/p>\n","protected":false},"excerpt":{"rendered":"<p>El Gobernador Alfredo Cornejo recibi\u00f3 en Mendoza a los ministros nacionales de Seguridad, de Defensa y de Justicia y a los &#8230;<\/p>\n","protected":false},"author":7,"featured_media":135992,"comment_status":"open","ping_status":"open","sticky":false,"template":"","format":"standard","meta":{"footnotes":""},"categories":[5,33],"tags":[],"class_list":["post-135990","post","type-post","status-publish","format-standard","has-post-thumbnail","hentry","category-actualidad","category-seguridad"],"_links":{"self":[{"href":"https:\/\/vinasfm.com\/noticias\/wp-json\/wp\/v2\/posts\/135990","targetHints":{"allow":["GET"]}}],"collection":[{"href":"https:\/\/vinasfm.com\/noticias\/wp-json\/wp\/v2\/posts"}],"about":[{"href":"https:\/\/vinasfm.com\/noticias\/wp-json\/wp\/v2\/types\/post"}],"author":[{"embeddable":true,"href":"https:\/\/vinasfm.com\/noticias\/wp-json\/wp\/v2\/users\/7"}],"replies":[{"embeddable":true,"href":"https:\/\/vinasfm.com\/noticias\/wp-json\/wp\/v2\/comments?post=135990"}],"version-history":[{"count":2,"href":"https:\/\/vinasfm.com\/noticias\/wp-json\/wp\/v2\/posts\/135990\/revisions"}],"predecessor-version":[{"id":135994,"href":"https:\/\/vinasfm.com\/noticias\/wp-json\/wp\/v2\/posts\/135990\/revisions\/135994"}],"wp:featuredmedia":[{"embeddable":true,"href":"https:\/\/vinasfm.com\/noticias\/wp-json\/wp\/v2\/media\/135992"}],"wp:attachment":[{"href":"https:\/\/vinasfm.com\/noticias\/wp-json\/wp\/v2\/media?parent=135990"}],"wp:term":[{"taxonomy":"category","embeddable":true,"href":"https:\/\/vinasfm.com\/noticias\/wp-json\/wp\/v2\/categories?post=135990"},{"taxonomy":"post_tag","embeddable":true,"href":"https:\/\/vinasfm.com\/noticias\/wp-json\/wp\/v2\/tags?post=135990"}],"curies":[{"name":"wp","href":"https:\/\/api.w.org\/{rel}","templated":true}]}}