{"id":135926,"date":"2024-06-01T10:14:52","date_gmt":"2024-06-01T13:14:52","guid":{"rendered":"https:\/\/vinasfm.com\/noticias\/?p=135926"},"modified":"2024-06-03T10:02:12","modified_gmt":"2024-06-03T13:02:12","slug":"cornejo-entrego-21-viviendas-en-las-heras-para-profesionales-de-la-salud-nucleados-en-ampros","status":"publish","type":"post","link":"https:\/\/vinasfm.com\/noticias\/cornejo-entrego-21-viviendas-en-las-heras-para-profesionales-de-la-salud-nucleados-en-ampros\/","title":{"rendered":"CORNEJO ENTREG\u00d3 21 VIVIENDAS EN LAS HERAS PARA PROFESIONALES DE LA SALUD NUCLEADOS EN AMPROS"},"content":{"rendered":"<h4>Se trata de un complejo de departamentos ubicado en Las Heras, desarrollado bajo el Programa Provincial de Viviendas, Mendoza Construye L\u00ednea 2.<\/h4>\n<h5>El Gobernador se\u00f1al\u00f3 que este emprendimiento se concret\u00f3 con la modalidad de inversi\u00f3n p\u00fablico-privada y busca que el IPV, adem\u00e1s de ser constructor de viviendas, sea financiador con tasas razonables, subsidi\u00e1ndola para las personas que con sus ingresos no lleguen a pagar una cuota.<\/h5>\n<p>El Gobernador Alfredo Cornejo entreg\u00f3 21 viviendas del Complejo Residencial San Telmo Norte, en Las Heras. Estos departamentos fueron desarrollados bajo el Programa Provincial de Viviendas, Mendoza Construye L\u00ednea 2 y fueron concretados mediante un convenio con el gremio que nuclea a los profesionales de la salud, Ampros.<\/p>\n<p>Acompa\u00f1aron al Gobernador el intendente de Las Heras, Francisco Lo Presti; la subsecretaria de Infraestructura y Desarrollo Territorial, Marit\u00e9 Badui, y el titular del Instituto Provincial de la Vivienda (IPV), Gustavo Cantero. En esta oportunidad, tambi\u00e9n estuvieron presentes el secretario del gremio, Daniel Jim\u00e9nez; el secretario de Finanzas farmac\u00e9utico, Silvio Jara, y miembros de la empresa constructora.<\/p>\n<p>Estos departamentos de dos dormitorios cuentan con ba\u00f1o completo, comedor cocina y balc\u00f3n, donde se encuentra la lavander\u00eda. Est\u00e1n emplazados en 3 bloques de 8 departamentos cada uno, 4 en planta baja y 4 en planta alta, con ingreso peatonal y escaleras individuales por bloque.<\/p>\n<p>Lo Presti fue el encargado de darles la bienvenida a los nuevos vecinos de Las Heras y se\u00f1al\u00f3 que <em><strong>\u201ces un placer que se lleven adelante estos desarrollos en nuestro departamento\u201d.<\/strong><\/em> Y dirigi\u00e9ndose a los nuevos adjudicatarios, les dijo: <strong><em>\u201cEste es su nuevo hogar y espero que lo puedan disfrutar y vivir en \u00e9l\u201d.<\/em><\/strong><\/p>\n<p>Por su parte, el Gobernador Cornejo destac\u00f3 la importancia de acceder a la vivienda propia en la Argentina y en Mendoza y explic\u00f3 la dificultad que poseen los ciudadanos para acceder a cr\u00e9ditos hipotecarios, debido al desorden macroecon\u00f3mico. Pero, sobre todo, le dio relevancia a este barrio porque los adjudicatarios son profesionales de la Salud: <strong><em>\u201cQuisimos participar de esta entrega de viviendas, primero, en honor a quienes son adjudicatarios y darle relevancia a este emprendimiento\u201d<\/em><\/strong>, se\u00f1al\u00f3, y asegur\u00f3 que <strong><em>\u201ctuvo participaci\u00f3n activa el sindicato, as\u00ed que tambi\u00e9n estamos invit\u00e1ndolos a esta actividad\u201d.<\/em><\/strong><\/p>\n<p>Posteriormente, Cornejo resalt\u00f3 que en cada entrega aprovecha la oportunidad para explicar las dificultades que existen en el pa\u00eds para acceder a la vivienda propia: <em><strong>\u201cSi no hay una buena deliberaci\u00f3n p\u00fablica, de comprensi\u00f3n social y de inversi\u00f3n sostenida en el tiempo, dif\u00edcilmente se pueda cubrir el d\u00e9ficit habitacional que tiene la Argentina y Mendoza\u201d.<\/strong><\/em><\/p>\n<p>Es m\u00e1s, se\u00f1al\u00f3 que el pa\u00eds lleva a\u00f1os de desorden macroecon\u00f3mico, por lo cual una persona que quiere acceder a una vivienda propia no deber\u00eda ir al Municipio o al Gobierno de la Provincia, ni al sindicato, sino a una entidad bancaria. <strong><em>\u201cEl banco, en cualquier pa\u00eds lim\u00edtrofe al nuestro, generar\u00eda cr\u00e9ditos que se devuelven en 30, en 40 a\u00f1os y la gente tendr\u00eda su casa con una cuota del mismo tipo de un alquiler\u201d<\/em><\/strong>, remarc\u00f3 el mandatario provincial.<\/p>\n<p>En ese sentido, el Gobernador se\u00f1al\u00f3 que este sistema funcionar\u00eda solo, ya que las empresas construir\u00edan sus viviendas, la gente acceder\u00eda al financiamiento y no habr\u00eda tanta participaci\u00f3n o exigencia sobre el Estado para la casa propia.<strong><em> \u201cEl desorden macroecon\u00f3mico hace que, por la distorsi\u00f3n de precios y la tasa de inter\u00e9s, los cr\u00e9ditos sean impagables y no se pueda acceder a un cr\u00e9dito\u201d, dijo. Adem\u00e1s, asegur\u00f3 que \u201cel 90% de la gente que no naci\u00f3 en una cuna de oro no accede al cr\u00e9dito hipotecario o lo alcanza con cuotas tan altas, que termina perdiendo la vivienda\u201d.<\/em><\/strong><\/p>\n<p>Ante este panorama, se\u00f1al\u00f3 que desde el Ejecutivo provincial aspiran a que la Argentina resuelva esos problemas, porque en la actualidad <em><strong>\u201cla tasa de inter\u00e9s est\u00e1 muy atada a la inflaci\u00f3n y a la circulaci\u00f3n de la moneda\u201d.<\/strong><\/em> Por eso, Cornejo se\u00f1al\u00f3 que, mientras tanto, se ha ralentizado la construcci\u00f3n de viviendas y <em><strong>\u201cpedimos disculpas de que el Estado vaya tan lento, pero si no se comprende la situaci\u00f3n macro, la deliberaci\u00f3n p\u00fablica solo cae en saco roto, en la demagogia\u201d.<\/strong><\/em><\/p>\n<p>El Gobernador tambi\u00e9n explic\u00f3 que se est\u00e1 trabajando en un plan para bajar la inflaci\u00f3n, subsidiar tasas de inter\u00e9s y promover la construcci\u00f3n de viviendas. <strong><em>\u201cAspiramos a que cambie la situaci\u00f3n y baje la inflaci\u00f3n, pero intertanto esto suceda, que va a llevar mucho tiempo y probablemente pase nuestra gesti\u00f3n de cuatro a\u00f1os, aspiramos a emprendimientos que tengan que ver con inversiones p\u00fablicas privadas donde no solo los sindicatos sino las empresas tambi\u00e9n arriesguen a que baje la tasa de inter\u00e9s\u201d.<\/em><\/strong><\/p>\n<p>En este sentido, se\u00f1al\u00f3 que busca que el IPV, adem\u00e1s de ser constructor de viviendas, sea financiador con tasas razonables subsidi\u00e1ndola para las personas que con sus ingresos no lleguen a pagar una cuota como la que remunera el banco. <strong><em>\u201cEse cambio est\u00e1 en proceso y estamos por lanzar una nueva licitaci\u00f3n que va a ir en esa direcci\u00f3n, alentando a que los privados construyan la vivienda y nosotros ayudemos con subsidiar la tasa\u201d<\/em><\/strong>, asegur\u00f3 Cornejo.<\/p>\n<p>Siguiendo con su discurso, el Gobernador insisti\u00f3 en que <strong><em>\u201cvamos a seguir en este esquema tratando de que las cuotas no se desvaloricen y que cada adjudicatario las pague tambi\u00e9n, porque eso oxigena el sistema y lo hace circular\u201d.<\/em><\/strong><\/p>\n<p>Por su parte, la subsecretaria de Infraestructura y Desarrollo Territorial, Marit\u00e9 Badui, explic\u00f3 que la entrega de viviendas en Las Heras es importante para el Gobierno provincial porque lo est\u00e1 haciendo en un contexto dif\u00edcil. <strong><em>\u201cAc\u00e1 tambi\u00e9n los adjudicatarios cumplen con una cuota que permite lograr que se adecue o se acompase un poco m\u00e1s al costo real de la vivienda, as\u00ed que, sin duda, para nosotros siempre es un momento muy especial, por lo que significa tener una vivienda\u201d<\/em><\/strong>, dijo la funcionaria. Adem\u00e1s, les pidi\u00f3 a los adjudicatarios que cumplan con sus compromisos <em><strong>\u201cpara que, de esta manera, podamos seguir ampliando la oferta que, como se sabe, nunca va a alcanzar a la demanda real\u201d.<\/strong><\/em><\/p>\n<p>Siguiendo con sus palabras, la subsecretaria se\u00f1al\u00f3 que en la provincia <em><strong>\u201clas obras no se detienen, porque son el motor de la econom\u00eda y la verdad que la disciplina fiscal que ha tenido Mendoza, inclusive bajando sus impuestos, \u201cnos han permitido, en una situaci\u00f3n tan dif\u00edcil a nivel pa\u00eds donde se ha parado la obra p\u00fablica en casi todo el pa\u00eds, ser la \u00fanica provincia que contin\u00faa\u201d.<\/strong><\/em><\/p>\n<p>Es m\u00e1s, record\u00f3 que Mendoza cuenta con jardines maternales, escuelas, viviendas y obras viales <strong>\u201cque siguen en ejecuci\u00f3n y, por supuesto, nos da el impulso para hacer los esfuerzos necesarios para seguir invirtiendo en la obra p\u00fablica, que es tan necesaria para mejorar las condiciones de los puntos de partida de todos los ciudadanos\u201d.<\/strong><\/p>\n<p>Por su parte, el titular del IPV hizo hincapi\u00e9 en este barrio y se\u00f1al\u00f3 que estas 21 viviendas en Las Heras se realizaron con financiamiento p\u00fablico-privado. Se\u00f1al\u00f3 que la inversi\u00f3n provincial fue de m\u00e1s de 1.200 millones de pesos, con cr\u00e9ditos individuales de alrededor de 60 millones por beneficiario. <strong><em>\u201cEsto era parte de una operatoria original donde la empresa aportaba terreno y el dise\u00f1o y colaboraba con el 50% de financiaci\u00f3n, y el Estado Provincial, con el 50% del financiamiento, as\u00ed que son operatorias que queremos seguir trabajando\u201d, remarc\u00f3 Cantero. Y tomando las palabras del Gobernador, manifest\u00f3: \u201cNecesitamos el aporte del privado para dar soluciones habitacionales porque el Estado como \u00fanico constructor es imposible que logre el objetivo de solucionar ese d\u00e9ficit\u201d.<\/em><\/strong><\/p>\n","protected":false},"excerpt":{"rendered":"<p>Se trata de un complejo de departamentos ubicado en Las Heras, desarrollado bajo el Programa Provincial de Viviendas, Mendoza Construye L\u00ednea &#8230;<\/p>\n","protected":false},"author":7,"featured_media":135927,"comment_status":"open","ping_status":"open","sticky":false,"template":"","format":"standard","meta":{"footnotes":""},"categories":[5,10],"tags":[],"class_list":["post-135926","post","type-post","status-publish","format-standard","has-post-thumbnail","hentry","category-actualidad","category-destacadas"],"_links":{"self":[{"href":"https:\/\/vinasfm.com\/noticias\/wp-json\/wp\/v2\/posts\/135926","targetHints":{"allow":["GET"]}}],"collection":[{"href":"https:\/\/vinasfm.com\/noticias\/wp-json\/wp\/v2\/posts"}],"about":[{"href":"https:\/\/vinasfm.com\/noticias\/wp-json\/wp\/v2\/types\/post"}],"author":[{"embeddable":true,"href":"https:\/\/vinasfm.com\/noticias\/wp-json\/wp\/v2\/users\/7"}],"replies":[{"embeddable":true,"href":"https:\/\/vinasfm.com\/noticias\/wp-json\/wp\/v2\/comments?post=135926"}],"version-history":[{"count":1,"href":"https:\/\/vinasfm.com\/noticias\/wp-json\/wp\/v2\/posts\/135926\/revisions"}],"predecessor-version":[{"id":135928,"href":"https:\/\/vinasfm.com\/noticias\/wp-json\/wp\/v2\/posts\/135926\/revisions\/135928"}],"wp:featuredmedia":[{"embeddable":true,"href":"https:\/\/vinasfm.com\/noticias\/wp-json\/wp\/v2\/media\/135927"}],"wp:attachment":[{"href":"https:\/\/vinasfm.com\/noticias\/wp-json\/wp\/v2\/media?parent=135926"}],"wp:term":[{"taxonomy":"category","embeddable":true,"href":"https:\/\/vinasfm.com\/noticias\/wp-json\/wp\/v2\/categories?post=135926"},{"taxonomy":"post_tag","embeddable":true,"href":"https:\/\/vinasfm.com\/noticias\/wp-json\/wp\/v2\/tags?post=135926"}],"curies":[{"name":"wp","href":"https:\/\/api.w.org\/{rel}","templated":true}]}}