{"id":135898,"date":"2024-05-31T09:43:31","date_gmt":"2024-05-31T12:43:31","guid":{"rendered":"https:\/\/vinasfm.com\/noticias\/?p=135898"},"modified":"2024-06-01T10:16:04","modified_gmt":"2024-06-01T13:16:04","slug":"el-30-de-los-acusados-por-truchar-una-eleccion-en-san-luis-son-mendocinos","status":"publish","type":"post","link":"https:\/\/vinasfm.com\/noticias\/el-30-de-los-acusados-por-truchar-una-eleccion-en-san-luis-son-mendocinos\/","title":{"rendered":"EL 30% DE LOS ACUSADOS POR TRUCHAR UNA ELECCI\u00d3N EN SAN LUIS SON MENDOCINOS"},"content":{"rendered":"<h4><span style=\"color: #000000;\">El pueblo se llama\u00a0<strong class=\"ignore-parser\">Arizona<\/strong>. Lo que empez\u00f3 como un vodevil de provincias termin\u00f3 con un ex intendente imputado y<strong class=\"ignore-parser\">\u00a0mendocinos en la mira<\/strong>. Hay 30 procesados<\/span><\/h4>\n<article class=\"article-body first\">\n<div class=\"article-content\">\n<div class=\"cuerpo\" data-twitter-link=\"\">\n<p><span style=\"color: #000000;\">El nombre del pueblo suena a pel\u00edcula de cowboys.\u00a0<strong>Arizona, en el sur de\u00a0San Luis<\/strong>, tiene poco m\u00e1s de 1.000 habitantes. La tesis del\u00a0<strong>fiscal federal Cristian Rachid<\/strong>\u00a0es que en ese municipio se trucharon cambios de domicilio para\u00a0<strong>llevar votantes -varios desde Mendoza-<\/strong>, hacerlos sufragar y torcer las ajustadas elecciones a la\u00a0<strong>intendencia<\/strong>\u00a0de 2015, que se resolvieron\u00a0<strong>por s\u00f3lo 6 votos.<\/strong><\/span><\/p>\n<\/div>\n<\/div>\n<\/article>\n<article class=\"article-body\">\n<div class=\"article-content\">\n<div class=\"cuerpo\" data-twitter-link=\"\">\n<p><span style=\"color: #000000;\">En las \u00faltimas horas trascendi\u00f3 que hay\u00a0<strong>30 procesados en la causa<\/strong>, incluido un exintendente; aunque\u00a0<strong>los acusados son muchos m\u00e1s<\/strong>.<\/span><\/p>\n<p><span style=\"color: #000000;\">\u00abLa mayor\u00eda de los electores sospechados es\u00a0<strong>de La Pampa y de Mendoza<\/strong>\u00ab, confirm\u00f3 el fiscal ante la consulta de\u00a0<strong>Diario UNO<\/strong>. En menor proporci\u00f3n, tambi\u00e9n hay cordobeses y algunos puntanos.\u00a0<strong>\u00abLos mendocinos representan entre un 25 y un 30% de estos presuntos votantes irregulares\u00bb<\/strong>, ampli\u00f3 Rachid.<\/span><\/p>\n<p><span style=\"color: #000000;\">El Ministerio P\u00fablico sostiene que estos sujetos se anotaron como arizonios<strong>\u00a0pero no resid\u00edan all\u00ed<\/strong>. Sin embargo iban a votar.\u00a0<strong>Y a cambio se les habr\u00eda \u00abpagado\u00bb con licencias de conducir\u00a0<em>express<\/em>\u00a0y gratuitas<\/strong>.<\/span><\/p>\n<p><span style=\"color: #000000;\">Es m\u00e1s: seg\u00fan informaci\u00f3n brindada por la\u00a0<strong>Administraci\u00f3n Federal de Ingresos P\u00fablicos (AFIP)<\/strong>, todos los investigados pose\u00edan domicilio real fuera de la localidad de Arizona, predominantemente en General Pico, La Pampa, y en\u00a0<strong>General Alvear, Mendoza<\/strong>.<\/span><\/p>\n<h2><span style=\"color: #000000;\">Un lugar donde \u00abse conocen todos\u00bb<\/span><\/h2>\n<p><span style=\"color: #000000;\">Son 30 las personas procesadas, aunque\u00a0<strong>la cantidad de sospechados ronda los 70<\/strong>.<\/span><\/p>\n<p><span style=\"color: #000000;\">Rachid complet\u00f3: \u00ab<strong>Esto estaba organizado desde la propia municipalidad<\/strong>. Recordemos que se trata de una de las \u00faltimas poblaciones del sur de nuestra provincia,\u00a0<strong>de intenso contacto con La Pampa y Mendoza y gran actividad rural<\/strong>. Es, como suele decirse, uno de esos lugares\u00a0<strong>&#8216;donde se conocen todos&#8217;<\/strong>\u00ab.<\/span><\/p>\n<p><span style=\"color: #000000;\">Durante la investigaci\u00f3n -que tuvo varias idas y vueltas- se detect\u00f3 que exist\u00edan\u00a0<strong>combis que iban a buscar electores a otras provincias y luego \u00ablos devolv\u00edan\u00bb<\/strong>.<\/span><\/p>\n<p><span style=\"color: #000000;\">\u00abY vemos que, de los sospechados,\u00a0<strong>el 90% vot\u00f3 en las PASO y en las generales de aquel 2015, pero no fueron al balotaje<\/strong>\u00ab, sum\u00f3 el fiscal. Es que en la segunda vuelta, claro,\u00a0<strong>ya no se eleg\u00edan autoridades municipales<\/strong>.<\/span><\/p>\n<p><span style=\"color: #000000;\">A lo largo de la pesquisa hubo\u00a0<strong>allanamientos en la Municipalidad y el Registro Civil<\/strong>. \u00abEn el municipio encontramos\u00a0<strong>carpetas de tr\u00e1mites en las que se conced\u00edan licencias sin haberse presentado ni siquiera un certificado m\u00e9dico<\/strong>\u00a0-retom\u00f3 Rachid-. Tampoco se cobraban tasas. Lo mismo en el Registro; vimos tr\u00e1mites sin el timbrado correspondiente y\u00a0<strong>cambios de domicilio donde no se hab\u00eda aportado ni siquiera la copia de una boleta de servicio<\/strong>\u00ab.<\/span><\/p>\n<p><span style=\"color: #000000;\">El fiscal apunt\u00f3 que aunque estos episodios pueden parecer de pel\u00edcula,\u00a0<strong>son una realidad frecuente a lo largo y ancho del pa\u00eds<\/strong>: \u00abAfortunadamente, a diferencia de los que ocurr\u00eda en 2015, hoy existe una acordada de la C\u00e1mara Nacional Electoral que permite\u00a0<strong>interrumpir esos procesos si hay indicios de que se est\u00e1n cometiendo irregularidades<\/strong>\u00ab.<\/span><\/p>\n<h2><span style=\"color: #000000;\">Los roles<\/span><\/h2>\n<p><span style=\"color: #000000;\">La causa se inici\u00f3 con\u00a0<strong>una denuncia efectuada en septiembre de 2015<\/strong>, donde se puso en conocimiento que en el municipio\u00a0<strong>\u00abexist\u00edan personas que ejerc\u00edan su derecho a sufragar pero que no se domiciliaban en esa localidad\u00bb<\/strong>.<\/span><\/p>\n<p><span style=\"color: #000000;\">\u00abNo tengo registro de otro caso en el pa\u00eds en el que se haya logrado\u00a0<strong>deslindar el rol que cumpl\u00eda cada uno en un delito como este<\/strong>\u00ab, sintetiz\u00f3 Rachid, que a lo largo de m\u00e1s de un a\u00f1o reconstruy\u00f3 una trama que compromete al\u00a0<strong>ex intendente Pedro Figueroa<\/strong>, polic\u00edas, la jefa del Registro Civil, testigos falsos y los presuntos electores truchos.<\/span><\/p>\n<p><span style=\"color: #000000;\">\u00abComo suele suceder con todo caso que posee ribetes pol\u00edticos, se multiplicaron las chicanas.\u00a0<strong>A m\u00ed me acusaron alternativamente de kirchnerista y de macrista<\/strong>. Y en cada incidente se demoraba el avance\u00bb, sigui\u00f3 el entrevistado.<\/span><\/p>\n<h2><span style=\"color: #000000;\">La pelota est\u00e1 en Mendoza<\/span><\/h2>\n<p><span style=\"color: #000000;\">Actualmente,\u00a0<strong>el procesamiento est\u00e1 apelado y debe ser confirmado<\/strong>\u00a0-o no- por la\u00a0<strong>C\u00e1mara Federal de Mendoza<\/strong>. \u00abPor ahora estamos hablando de\u00a0<strong>30 procesamientos<\/strong>, m\u00e1s tarde tendremos que ver qu\u00e9 ocurre con el resto de las imputaciones\u00bb.<\/span><\/p>\n<p><span style=\"color: #000000;\"><strong>El exintendente Figueroa, la titular del Registro Civil, cuatro polic\u00edas provinciales<\/strong>\u00a0y nueve presuntos testigos falsos est\u00e1n acusados de participar en la maniobra en la que\u00a0<strong>quince personas<\/strong>\u00a0denunciaron\u00a0<strong>domicilios falsos<\/strong>\u00a0para quedar\u00a0<strong>ileg\u00edtimamente habilitadas para votar por el hijo del jefe comunal, Ariel Figueroa.<\/strong><\/span><\/p>\n<p><span style=\"color: #000000;\">Rachid a\u00f1adi\u00f3 que, en 2015, el circuito electoral 111 Arizona-San Luis estaba compuesto por 852 electores en total; con lo cual los delitos imputados pudieron\u00a0<strong>incidir \u00abefectiva e ileg\u00edtimamente\u00bb en m\u00e1s del 8% del padr\u00f3n de la localidad<\/strong>.<\/span><\/p>\n<p><span style=\"color: #000000;\">Y si bien el fiscal evit\u00f3 dar nombres, s\u00ed inform\u00f3 que sobre los mendocinos sospechados de truchar elecciones\u00a0<strong>recae la acusaci\u00f3n de haber presentado domicilios falsos -con pena de hasta 4 a\u00f1os de prisi\u00f3n- en concurso con falsificaci\u00f3n de instrumento p\u00fablico -hasta 6 a\u00f1os de prisi\u00f3n-<\/strong>.<\/span><\/p>\n<p><span style=\"color: #000000;\">Por otro lado, sobre el ex intendente Figueroa recae \u00abuna imputaci\u00f3n por haber hecho estas maniobras en 57 y 52 casos respectivamente, en concurso real\u00bb.<\/span><\/p>\n<\/div>\n<\/div>\n<\/article>\n","protected":false},"excerpt":{"rendered":"<p>El pueblo se llama\u00a0Arizona. Lo que empez\u00f3 como un vodevil de provincias termin\u00f3 con un ex intendente imputado y\u00a0mendocinos en la &#8230;<\/p>\n","protected":false},"author":7,"featured_media":135899,"comment_status":"open","ping_status":"open","sticky":false,"template":"","format":"standard","meta":{"footnotes":""},"categories":[5,22],"tags":[],"class_list":["post-135898","post","type-post","status-publish","format-standard","has-post-thumbnail","hentry","category-actualidad","category-justicia"],"_links":{"self":[{"href":"https:\/\/vinasfm.com\/noticias\/wp-json\/wp\/v2\/posts\/135898","targetHints":{"allow":["GET"]}}],"collection":[{"href":"https:\/\/vinasfm.com\/noticias\/wp-json\/wp\/v2\/posts"}],"about":[{"href":"https:\/\/vinasfm.com\/noticias\/wp-json\/wp\/v2\/types\/post"}],"author":[{"embeddable":true,"href":"https:\/\/vinasfm.com\/noticias\/wp-json\/wp\/v2\/users\/7"}],"replies":[{"embeddable":true,"href":"https:\/\/vinasfm.com\/noticias\/wp-json\/wp\/v2\/comments?post=135898"}],"version-history":[{"count":1,"href":"https:\/\/vinasfm.com\/noticias\/wp-json\/wp\/v2\/posts\/135898\/revisions"}],"predecessor-version":[{"id":135900,"href":"https:\/\/vinasfm.com\/noticias\/wp-json\/wp\/v2\/posts\/135898\/revisions\/135900"}],"wp:featuredmedia":[{"embeddable":true,"href":"https:\/\/vinasfm.com\/noticias\/wp-json\/wp\/v2\/media\/135899"}],"wp:attachment":[{"href":"https:\/\/vinasfm.com\/noticias\/wp-json\/wp\/v2\/media?parent=135898"}],"wp:term":[{"taxonomy":"category","embeddable":true,"href":"https:\/\/vinasfm.com\/noticias\/wp-json\/wp\/v2\/categories?post=135898"},{"taxonomy":"post_tag","embeddable":true,"href":"https:\/\/vinasfm.com\/noticias\/wp-json\/wp\/v2\/tags?post=135898"}],"curies":[{"name":"wp","href":"https:\/\/api.w.org\/{rel}","templated":true}]}}