{"id":135886,"date":"2024-05-31T08:41:47","date_gmt":"2024-05-31T11:41:47","guid":{"rendered":"https:\/\/vinasfm.com\/noticias\/?p=135886"},"modified":"2024-05-31T11:14:37","modified_gmt":"2024-05-31T14:14:37","slug":"portezuelo-del-viento-javier-lopez-sostuvo-que-los-departamentos-del-sur-se-unieron-por-una-causa-mas-que-justificada","status":"publish","type":"post","link":"https:\/\/vinasfm.com\/noticias\/portezuelo-del-viento-javier-lopez-sostuvo-que-los-departamentos-del-sur-se-unieron-por-una-causa-mas-que-justificada\/","title":{"rendered":"PORTEZUELO DEL VIENTO: JAVIER L\u00d3PEZ SOSTUVO QUE \u201cLOS DEPARTAMENTOS DEL SUR SE UNIERON POR UNA CAUSA M\u00c1S QUE JUSTIFICADA\u201d"},"content":{"rendered":"<h4><span style=\"color: #000000;\"><strong>En la tarde del jueves, vecinos del sur mendocino se concentraron en el Teatro Roma de San Rafael para volver a reclamar por los fondos de Portezuelo del Viento.<\/strong><\/span><\/h4>\n<p><span style=\"color: #000000;\">La Multisectorial Sur fue quien realiz\u00f3 la convocatoria que buscaba incluir activamente a los sure\u00f1os en la lucha por los fondos de Portezuelo. El referente pol\u00edtico y defensor ambiental, Javier L\u00f3pez, dijo presente en la asamblea realizada y sostuvo que <strong><em>\u201cSan Rafael, Malarg\u00fce y General Alvear se han unido en esta lucha porque el sur de Mendoza fue el territorio m\u00e1s afectado por la promoci\u00f3n industrial\u201d.<\/em><\/strong><\/span><\/p>\n<p><span style=\"color: #000000;\"><strong><em>\u201cLos alvearenses queremos que se haga realidad el trasvase del R\u00edo Grande al Atuel porque, tarde o temprano, tenemos que cumplir la ordenanza de la Corte\u201d<\/em><\/strong>, expres\u00f3 el referente y subray\u00f3 que <strong><em>\u201ccumplir esta orden condena el 35% del oasis, afectando directamente a los 3 departamentos que conforman el sur mendocino\u201d. <\/em><\/strong><\/span><\/p>\n<p><span style=\"color: #000000;\">Sobre el uso de los 1.023 millones de d\u00f3lares remarc\u00f3 que <strong><em>\u201ces sumamente necesario invertir en obras que act\u00faen para combatir la deficiencia h\u00eddrica, pero Malarg\u00fce y San Rafael tambi\u00e9n tienen sus demandas\u201d. <\/em><\/strong><\/span><\/p>\n<p><span style=\"color: #000000;\">Por \u00faltimo, Javier L\u00f3pez destac\u00f3 que <strong><em>\u201chay que involucrar a toda la sociedad para que todo el reclamo tome mucha m\u00e1s fuerza y nos escuchen de una vez\u201d.<\/em><\/strong><\/span><\/p>\n<p><a href=\"https:\/\/vinasfm.com\/noticias\/wp-content\/uploads\/2024\/05\/Asamblea-multisectorial-por-fondos-de-Portezuelo-12-scaled-1.webp\"><img loading=\"lazy\" decoding=\"async\" class=\"alignnone wp-image-135888\" src=\"https:\/\/vinasfm.com\/noticias\/wp-content\/uploads\/2024\/05\/Asamblea-multisectorial-por-fondos-de-Portezuelo-12-scaled-1.webp\" alt=\"\" width=\"500\" height=\"333\" srcset=\"https:\/\/vinasfm.com\/noticias\/wp-content\/uploads\/2024\/05\/Asamblea-multisectorial-por-fondos-de-Portezuelo-12-scaled-1.webp 1024w, https:\/\/vinasfm.com\/noticias\/wp-content\/uploads\/2024\/05\/Asamblea-multisectorial-por-fondos-de-Portezuelo-12-scaled-1-300x200.webp 300w, https:\/\/vinasfm.com\/noticias\/wp-content\/uploads\/2024\/05\/Asamblea-multisectorial-por-fondos-de-Portezuelo-12-scaled-1-768x512.webp 768w\" sizes=\"auto, (max-width: 500px) 100vw, 500px\" \/><\/a><\/p>\n<h6>Asamblea de la Multisectorial Sur en el Teatro Roma.<\/h6>\n<h2><span style=\"color: #000000;\">EL GOBIERNO PODR\u00cdA DISTRIBUIR LOS FONDOS EN TODA LA PROVINCIA<\/span><\/h2>\n<p><span style=\"color: #000000;\">El reclamo por la permanencia de los fondos de Portezuelo del Viento en el sur de Mendoza tom\u00f3 mayor protagonismo luego de que se conociera que el Gobierno Provincial podr\u00eda distribuir para obras en toda la provincia los 1023 millones de d\u00f3lares que se iban a utilizar en la obra.<\/span><\/p>\n<p><span style=\"color: #000000;\">Luis Enrique Pavez, vecino alvearense que tambi\u00e9n form\u00f3 parte de la asamblea convocada por la Multisectorial Sur, se mostr\u00f3 muy disconforme con la medida que podr\u00eda concretarse. <strong><em>\u201cSomos tres departamentos que estamos demasiado lejos de la realidad de Mendoza, es muy injusto todo esto y lo veo de manera constante. Es hora de que nuestros legisladores provinciales y la vicegobernadora digan lo que pretenden, porque claramente no es beneficiar al sur. Es importante que estemos todos unidos en esto, no colocarnos ninguna bandera pol\u00edtica y luchar por lo que nos pertenece\u201d.<\/em><\/strong><\/span><\/p>\n","protected":false},"excerpt":{"rendered":"<p>En la tarde del jueves, vecinos del sur mendocino se concentraron en el Teatro Roma de San Rafael para volver a &#8230;<\/p>\n","protected":false},"author":7,"featured_media":135887,"comment_status":"open","ping_status":"open","sticky":false,"template":"","format":"standard","meta":{"footnotes":""},"categories":[5,61],"tags":[],"class_list":["post-135886","post","type-post","status-publish","format-standard","has-post-thumbnail","hentry","category-actualidad","category-portezuelo-del-viento"],"_links":{"self":[{"href":"https:\/\/vinasfm.com\/noticias\/wp-json\/wp\/v2\/posts\/135886","targetHints":{"allow":["GET"]}}],"collection":[{"href":"https:\/\/vinasfm.com\/noticias\/wp-json\/wp\/v2\/posts"}],"about":[{"href":"https:\/\/vinasfm.com\/noticias\/wp-json\/wp\/v2\/types\/post"}],"author":[{"embeddable":true,"href":"https:\/\/vinasfm.com\/noticias\/wp-json\/wp\/v2\/users\/7"}],"replies":[{"embeddable":true,"href":"https:\/\/vinasfm.com\/noticias\/wp-json\/wp\/v2\/comments?post=135886"}],"version-history":[{"count":1,"href":"https:\/\/vinasfm.com\/noticias\/wp-json\/wp\/v2\/posts\/135886\/revisions"}],"predecessor-version":[{"id":135889,"href":"https:\/\/vinasfm.com\/noticias\/wp-json\/wp\/v2\/posts\/135886\/revisions\/135889"}],"wp:featuredmedia":[{"embeddable":true,"href":"https:\/\/vinasfm.com\/noticias\/wp-json\/wp\/v2\/media\/135887"}],"wp:attachment":[{"href":"https:\/\/vinasfm.com\/noticias\/wp-json\/wp\/v2\/media?parent=135886"}],"wp:term":[{"taxonomy":"category","embeddable":true,"href":"https:\/\/vinasfm.com\/noticias\/wp-json\/wp\/v2\/categories?post=135886"},{"taxonomy":"post_tag","embeddable":true,"href":"https:\/\/vinasfm.com\/noticias\/wp-json\/wp\/v2\/tags?post=135886"}],"curies":[{"name":"wp","href":"https:\/\/api.w.org\/{rel}","templated":true}]}}