{"id":135865,"date":"2024-05-30T10:26:47","date_gmt":"2024-05-30T13:26:47","guid":{"rendered":"https:\/\/vinasfm.com\/noticias\/?p=135865"},"modified":"2024-05-31T10:25:56","modified_gmt":"2024-05-31T13:25:56","slug":"aguinaldo-para-jubilados-cuando-se-paga-y-de-cuanto-sera","status":"publish","type":"post","link":"https:\/\/vinasfm.com\/noticias\/aguinaldo-para-jubilados-cuando-se-paga-y-de-cuanto-sera\/","title":{"rendered":"AGUINALDO PARA JUBILADOS: CU\u00c1NDO SE PAGA Y DE CU\u00c1NTO SER\u00c1"},"content":{"rendered":"<h4><span style=\"color: #000000;\">Durante junio los jubilados acceder\u00e1n al sueldo anual complementario.<\/span><\/h4>\n<p><span style=\"color: #000000;\">Con un\u00a0<strong>aumento del 8,8%\u00a0<\/strong>en los haberes de los jubilados y un\u00a0<strong>bono de $70.000\u00a0<\/strong>para quienes tienen los ingresos m\u00e1s bajos, la Anses anunci\u00f3 el pago del medio aguinaldo para junio.<\/span><\/p>\n<p><span style=\"color: #000000;\">Como ocurre habitualmente, <strong>todos los conceptos se abonan el mismo d\u00eda en el que se paga la prestaci\u00f3n oficial<\/strong>, seg\u00fan lo establecido en el calendario elaborado por el organismo previsional.<\/span><\/p>\n<p><span style=\"color: #000000;\">De esta manera, en el mes de junio los jubilados percibir\u00e1n sus haberes con el incremento correspondiente a la nueva f\u00f3rmula de movilidad, el bono de $70.000 para jubilaciones m\u00ednimas y el medio aguinaldo.<\/span><\/p>\n<h2 id=\"h-fechas-de-pago\" class=\"wp-block-heading\">Fechas de pago<\/h2>\n<p>La Administraci\u00f3n Nacional de la Seguridad Social estableci\u00f3 el siguiente calendario de pago para el pr\u00f3ximo mes:<\/p>\n<p><strong>Jubilados con haberes de hasta $206.931<\/strong><\/p>\n<ul>\n<li>DNI terminados en 0: lunes 10 de junio.<\/li>\n<li>DNI terminados en 1: martes 11 de junio.<\/li>\n<li>DNI terminados en 2: mi\u00e9rcoles 12 de junio.<\/li>\n<li>DNI terminados en 3: jueves 13 de junio.<\/li>\n<li>DNI terminados en 4: jueves 13 de junio.<\/li>\n<li>DNI terminados en 5: viernes 14 de junio.<\/li>\n<li>DNI terminados en 6: martes 18 de junio.<\/li>\n<li>DNI terminados en 7: martes 18 de junio.<\/li>\n<li>DNI terminados en 8: mi\u00e9rcoles 19 de junio.<\/li>\n<li>DNI terminados en 9: mi\u00e9rcoles 19 de junio.<\/li>\n<\/ul>\n<p><strong>Jubilados con haberes de m\u00e1s de $206.931<\/strong><\/p>\n<ul>\n<li>DNI terminados en 0 y 1: lunes 24 de junio.<\/li>\n<li>DNI terminados en 2 y 3: martes 25 de junio.<\/li>\n<li>DNI terminados en 4 y 5: mi\u00e9rcoles 26 de junio.<\/li>\n<li>DNI terminados en 6 y 7: jueves 27 de junio.<\/li>\n<li>DNI terminados en 8 y 9: viernes 28 de junio.<\/li>\n<\/ul>\n","protected":false},"excerpt":{"rendered":"<p>Durante junio los jubilados acceder\u00e1n al sueldo anual complementario. Con un\u00a0aumento del 8,8%\u00a0en los haberes de los jubilados y un\u00a0bono de &#8230;<\/p>\n","protected":false},"author":7,"featured_media":70142,"comment_status":"open","ping_status":"open","sticky":false,"template":"","format":"standard","meta":{"footnotes":""},"categories":[5,16],"tags":[],"class_list":["post-135865","post","type-post","status-publish","format-standard","has-post-thumbnail","hentry","category-actualidad","category-economia"],"_links":{"self":[{"href":"https:\/\/vinasfm.com\/noticias\/wp-json\/wp\/v2\/posts\/135865","targetHints":{"allow":["GET"]}}],"collection":[{"href":"https:\/\/vinasfm.com\/noticias\/wp-json\/wp\/v2\/posts"}],"about":[{"href":"https:\/\/vinasfm.com\/noticias\/wp-json\/wp\/v2\/types\/post"}],"author":[{"embeddable":true,"href":"https:\/\/vinasfm.com\/noticias\/wp-json\/wp\/v2\/users\/7"}],"replies":[{"embeddable":true,"href":"https:\/\/vinasfm.com\/noticias\/wp-json\/wp\/v2\/comments?post=135865"}],"version-history":[{"count":1,"href":"https:\/\/vinasfm.com\/noticias\/wp-json\/wp\/v2\/posts\/135865\/revisions"}],"predecessor-version":[{"id":135866,"href":"https:\/\/vinasfm.com\/noticias\/wp-json\/wp\/v2\/posts\/135865\/revisions\/135866"}],"wp:featuredmedia":[{"embeddable":true,"href":"https:\/\/vinasfm.com\/noticias\/wp-json\/wp\/v2\/media\/70142"}],"wp:attachment":[{"href":"https:\/\/vinasfm.com\/noticias\/wp-json\/wp\/v2\/media?parent=135865"}],"wp:term":[{"taxonomy":"category","embeddable":true,"href":"https:\/\/vinasfm.com\/noticias\/wp-json\/wp\/v2\/categories?post=135865"},{"taxonomy":"post_tag","embeddable":true,"href":"https:\/\/vinasfm.com\/noticias\/wp-json\/wp\/v2\/tags?post=135865"}],"curies":[{"name":"wp","href":"https:\/\/api.w.org\/{rel}","templated":true}]}}