{"id":135853,"date":"2024-05-30T09:23:08","date_gmt":"2024-05-30T12:23:08","guid":{"rendered":"https:\/\/vinasfm.com\/noticias\/?p=135853"},"modified":"2024-05-30T09:23:08","modified_gmt":"2024-05-30T12:23:08","slug":"el-teatro-roma-sera-el-escenario-de-un-fuerte-reclamo-por-los-fondos-de-portezuelo","status":"publish","type":"post","link":"https:\/\/vinasfm.com\/noticias\/el-teatro-roma-sera-el-escenario-de-un-fuerte-reclamo-por-los-fondos-de-portezuelo\/","title":{"rendered":"EL TEATRO ROMA SER\u00c1 EL ESCENARIO DE UN FUERTE RECLAMO POR LOS FONDOS DE PORTEZUELO"},"content":{"rendered":"<h4><span style=\"color: #000000;\">La Multisectorial del sur provincial hizo un llamado para que la ciudadan\u00eda se sume a esta convocatoria que tiene como objetivo preservar los 1023 millones de d\u00f3lares.<\/span><\/h4>\n<p><span style=\"color: #000000;\">En la tarde de este jueves, promediando las 19:30 horas, vecinos del Sur mendocino se reunir\u00e1n en el teatro sanrafaelino para reclamar una vez m\u00e1s por los fondos de Portezuelo del Viento. El empresario y referente de la Multisectorial Sur, Ricardo Schkop, se\u00f1al\u00f3 que<strong><em> \u201cesta manifestaci\u00f3n surge por la necesidad de que nuestro pueblo se de cuenta que estos fondos le corresponden al Sur de la provincia\u201d.<\/em><\/strong><\/span><\/p>\n<p><span style=\"color: #000000;\">Se trata de 1023 millones de d\u00f3lares pertenecientes a una compensaci\u00f3n fiscal por parte de la Naci\u00f3n. Si bien la provincia entera se vio afecta por la promoci\u00f3n industrial, el mayor da\u00f1o se not\u00f3 en San Rafael, Malarg\u00fce y General Alvear. <strong><em>\u201cNadie se ha puesto en pensar lo que sufri\u00f3 el sur mendocino por la enorme p\u00e9rdida de puestos de trabajo pero, sobre todo, porque cientos de familias debieron irse. Esta situaci\u00f3n la arrastraos desde hace 30 a\u00f1os\u201d<\/em><\/strong>, explic\u00f3.<\/span><\/p>\n<p><span style=\"color: #000000;\">Si bien por el momento la obra de Portezuelo del Viento no ser\u00e1 concretada, el uso de los fondos afecta e involucra a toda la poblaci\u00f3n sure\u00f1a. <strong><em>\u201cHablamos de miles de puestos de trabajo, comerciantes y familias\u201d<\/em><\/strong>, justific\u00f3 Schkop y aclar\u00f3 que <strong><em>\u201cla defensa por los fondos no es en contra del Gobierno Provincial, es acerca de un derecho que nos corresponde\u201d.<\/em><\/strong><\/span><\/p>\n<p><span style=\"color: #000000;\"><strong><em>\u201cCreo que ning\u00fan legislador, o referente pol\u00edtico, del resto de la provincia ha peleado por los fondos que perdi\u00f3 Mendoza por la promoci\u00f3n industrial como se ha hecho en el sur\u201d <\/em><\/strong>sostuvo el ex presidente de la C\u00e1mara de Comercio de San Rafael. <strong><em>\u201cEl Gobernador puede prometer hacer muchas obras en cualquiera de los 3 departamentos pero, comparado a los 1023 millones de d\u00f3lares, ser\u00edan migajas\u201d,<\/em><\/strong> apunt\u00f3 finalmente Ricardo Schokp.<\/span><\/p>\n<h2><span style=\"color: #000000;\">\u00bfDE D\u00d3NDE SURGEN LOS FONDOS DE PORTEZUELO DEL VIENTO?<\/span><\/h2>\n<p><span style=\"color: #000000;\"><em>A finales de 2005, la C\u00e1mara de Comercio de San Rafael, presidida en ese entonces por Ricardo Schkop, present\u00f3 una medida cautelar<\/em> a cargo del doctor T\u00edndaro Fern\u00e1ndez contra la \u201cpromoci\u00f3n industrial\u201d en el Juzgado Federal de San Rafael. En ese entonces el Juzgado estaba a cargo del doctor Ra\u00fal Acosta. Bajo la car\u00e1tula: C\u00e1mara de Comercio, Industria y Agropecuaria de San Rafael, Mendoza c\/PEN sobre Amparo Medida Cautelar, expediente N\u00b0 85564, la C\u00e1mara de Comercio local fund\u00f3 su reclamo ante la Naci\u00f3n en el grave perjuicio sufrido por el sur provincial por la <em>\u201cpromoci\u00f3n industrial\u201d que disfrutaban las provincias lim\u00edtrofes, lo que hac\u00eda que empresas e inversores se radicar\u00e1n all\u00ed, en desmedro de hacerlo en San Rafael, General Alvear y Malarg\u00fce.<\/em><\/span><\/p>\n<p><span style=\"color: #000000;\">Fue la \u00fanica medida cautelar a nivel pa\u00eds que se realiz\u00f3 al respecto, por lo que los avances de la causa eran seguidos con atenci\u00f3n por juristas y funcionarios de todo el pa\u00eds. El Juzgado le dio lugar a la cautelar y la Naci\u00f3n contest\u00f3. Mientras tanto, <em>el gobernador Julio Cobos realiz\u00f3 gestiones lo que deriv\u00f3 en que se estipulara un resarcimiento econ\u00f3mico de 1023 millones de d\u00f3lares, a utilizar en la construcci\u00f3n de Portezuelo del Viento u obras h\u00eddricas similares<\/em>, pero sin una asignaci\u00f3n espec\u00edfica territorial. Ante esto, la C\u00e1mara de Comercio desisti\u00f3 del amparo en la justicia federal. <em>A partir del a\u00f1o 2019, la Naci\u00f3n ha ido desembolsando en cuotas a la Provincia dichos fondos por el resarcimiento.<\/em><\/span><\/p>\n<h6>G. Vallejos<\/h6>\n","protected":false},"excerpt":{"rendered":"<p>La Multisectorial del sur provincial hizo un llamado para que la ciudadan\u00eda se sume a esta convocatoria que tiene como objetivo &#8230;<\/p>\n","protected":false},"author":7,"featured_media":135854,"comment_status":"open","ping_status":"open","sticky":false,"template":"","format":"standard","meta":{"footnotes":""},"categories":[1],"tags":[],"class_list":["post-135853","post","type-post","status-publish","format-standard","has-post-thumbnail","hentry","category-fmvinas"],"_links":{"self":[{"href":"https:\/\/vinasfm.com\/noticias\/wp-json\/wp\/v2\/posts\/135853","targetHints":{"allow":["GET"]}}],"collection":[{"href":"https:\/\/vinasfm.com\/noticias\/wp-json\/wp\/v2\/posts"}],"about":[{"href":"https:\/\/vinasfm.com\/noticias\/wp-json\/wp\/v2\/types\/post"}],"author":[{"embeddable":true,"href":"https:\/\/vinasfm.com\/noticias\/wp-json\/wp\/v2\/users\/7"}],"replies":[{"embeddable":true,"href":"https:\/\/vinasfm.com\/noticias\/wp-json\/wp\/v2\/comments?post=135853"}],"version-history":[{"count":1,"href":"https:\/\/vinasfm.com\/noticias\/wp-json\/wp\/v2\/posts\/135853\/revisions"}],"predecessor-version":[{"id":135855,"href":"https:\/\/vinasfm.com\/noticias\/wp-json\/wp\/v2\/posts\/135853\/revisions\/135855"}],"wp:featuredmedia":[{"embeddable":true,"href":"https:\/\/vinasfm.com\/noticias\/wp-json\/wp\/v2\/media\/135854"}],"wp:attachment":[{"href":"https:\/\/vinasfm.com\/noticias\/wp-json\/wp\/v2\/media?parent=135853"}],"wp:term":[{"taxonomy":"category","embeddable":true,"href":"https:\/\/vinasfm.com\/noticias\/wp-json\/wp\/v2\/categories?post=135853"},{"taxonomy":"post_tag","embeddable":true,"href":"https:\/\/vinasfm.com\/noticias\/wp-json\/wp\/v2\/tags?post=135853"}],"curies":[{"name":"wp","href":"https:\/\/api.w.org\/{rel}","templated":true}]}}