{"id":135850,"date":"2024-05-30T08:20:38","date_gmt":"2024-05-30T11:20:38","guid":{"rendered":"https:\/\/vinasfm.com\/noticias\/?p=135850"},"modified":"2024-05-31T09:20:27","modified_gmt":"2024-05-31T12:20:27","slug":"infecciones-respiratorias-mendoza-presenta-el-registro-mas-bajo-de-casos-desde-2020","status":"publish","type":"post","link":"https:\/\/vinasfm.com\/noticias\/infecciones-respiratorias-mendoza-presenta-el-registro-mas-bajo-de-casos-desde-2020\/","title":{"rendered":"INFECCIONES RESPIRATORIAS: MENDOZA PRESENTA EL REGISTRO M\u00c1S BAJO DE CASOS DESDE 2020"},"content":{"rendered":"<h4><span style=\"color: #000000;\">Desde el Ministerio de Salud y Deportes de Mendoza se\u00f1alan que el registro de casos de infecci\u00f3n respiratoria aguda es menor comparado con la misma \u00e9poca de a\u00f1os anteriores. Se destaca la campa\u00f1a de vacunaci\u00f3n que lleva adelante el Gobierno, adem\u00e1s de la vigilancia epidemiol\u00f3gica.<\/span><\/h4>\n<p><span style=\"color: #000000;\">Seg\u00fan los datos registrados en el<\/span>\u00a0<a href=\"https:\/\/www.mendoza.gov.ar\/wp-content\/uploads\/sites\/5\/2024\/05\/Reporte-Epidemiologico-No-4-2024_240524_165232.pdf\" data-type=\"URL\" data-id=\"https:\/\/www.mendoza.gov.ar\/wp-content\/uploads\/sites\/5\/2024\/05\/Reporte-Epidemiologico-No-4-2024_240524_165232.pdf\">Sistema Nacional de Vigilancia de la Salud<\/a>\u00a0<span style=\"color: #000000;\">(SNVS), en Mendoza las patolog\u00edas respiratorias bajo vigilancia -neumon\u00edas, bronquiolitis, entre otras- presentan un comportamiento mejor de lo esperado en comparaci\u00f3n con datos hist\u00f3ricos. Esto significa que los casos que se presentan son bajos para la \u00e9poca del a\u00f1o, y en 2024, particularmente, menos que para igual per\u00edodo de 2023.<\/span><\/p>\n<p><span style=\"color: #000000;\">Desde el \u00e1rea de Epidemiolog\u00eda de la Provincia se\u00f1alan que si bien contin\u00faa la detecci\u00f3n de casos de COVID-19, estos no superan los 10 casos confirmados por semana, el n\u00famero m\u00e1s bajo detectado desde 2020. Adem\u00e1s, no hay sobrecarga inusual en el sistema sanitario en cuanto a las camas de internaci\u00f3n y de terapia intensiva por enfermedades respiratorias.<\/span><\/p>\n<p><span style=\"color: #000000;\">Sin embargo, se han notificado pacientes pedi\u00e1tricos internados con influenza A, que son casos habituales para la \u00e9poca.<\/span><\/p>\n<p><span style=\"color: #000000;\">La vigilancia epidemiol\u00f3gica es de suma importancia, a fin de detectar cambios en el comportamiento de las enfermedades y as\u00ed poder alertar a los efectores de salud ante el posible aumento de casos.<\/span><\/p>\n<h2><span style=\"color: #000000;\"><strong>Campa\u00f1a de vacunaci\u00f3n antigripal en Mendoza<\/strong><\/span><\/h2>\n<p><span style=\"color: #000000;\">Mendoza est\u00e1 vacunando a embarazadas de 32 a 36 semanas de edad gestacional desde marzo de este a\u00f1o. Hasta el momento, se complet\u00f3 m\u00e1s de 50% de la poblaci\u00f3n objetivo. Del total de embarazadas vacunadas, ya nacieron m\u00e1s de 3.000 beb\u00e9s.<\/span><\/p>\n<h2><span style=\"color: #000000;\"><strong>Infecciones respiratorias agudas: \u00bfc\u00f3mo prevenirlas?<\/strong><\/span><\/h2>\n<p><span style=\"color: #000000;\">Las infecciones respiratorias agudas (IRA) son patolog\u00edas del tracto respiratorio originadas por distintos agentes etiol\u00f3gicos (virus, bacterias). Originan enfermedades, como enfermedad tipo influenza (ETI), bronquiolitis, neumon\u00eda y hasta formas graves como infecciones respiratorias agudas graves (IRAG).\u00a0<\/span><\/p>\n<p><span style=\"color: #000000;\">Son una importante causa de morbimortalidad, en especial en los extremos de la vida (ni\u00f1as\/os menores de cinco a\u00f1os, mayores de 65 a\u00f1os) y en personas susceptibles con patolog\u00edas de base: cardiovascular, respiratoria, inmunosupresi\u00f3n, entre otras.<\/span><\/p>\n<p><span style=\"color: #000000;\">Para prevenir las infecciones respiratorias, se recomienda:<\/span><\/p>\n<ul>\n<li><span style=\"color: #000000;\">Mantener completos los esquemas de vacunaci\u00f3n para influenza (vacuna antigripal), contra SARS-CoV-2 (vacuna COVID-19) , antineumoc\u00f3cica y anti-<em>Haemophilus Influenzae\u00a0<\/em>b (prevenci\u00f3n de neumon\u00edas y otras infecciones), contra\u00a0<em>Bordetella pertussis<\/em>\u00a0(Coqueluche) y vacuna VSR en gestantes (prevenci\u00f3n de bronquiolitis en lactantes), seg\u00fan las recomendaciones nacionales.\u00a0<\/span><\/li>\n<li><span style=\"color: #000000;\">Fomentar la lactancia materna en menores de 2 a\u00f1os.<\/span><\/li>\n<li><span style=\"color: #000000;\">Ventilaci\u00f3n adecuada de los ambientes.\u00a0<\/span><\/li>\n<li><span style=\"color: #000000;\">Lavado frecuente y adecuado de manos.<\/span><\/li>\n<li><span style=\"color: #000000;\">Cubrir la boca y la nariz al toser y estornudar; lavarse las manos inmediatamente.\u00a0<\/span><\/li>\n<li><span style=\"color: #000000;\">Tirar a la basura los pa\u00f1uelos descartables inmediatamente despu\u00e9s de usarlos.\u00a0<\/span><\/li>\n<li><span style=\"color: #000000;\">No compartir art\u00edculos personales como vasos, cubiertos y utensilios.\u00a0<\/span><\/li>\n<\/ul>\n<h2><span style=\"color: #000000;\"><strong>\u00bfCu\u00e1les son los s\u00edntomas de una infecci\u00f3n respiratoria aguda?<\/strong><\/span><\/h2>\n<p><span style=\"color: #000000;\">Si presenta s\u00edntomas de enfermedad respiratoria, se recomienda quedarse en casa, evitar estar en contacto con otras personas, especialmente con personas vulnerables, como inmunocomprometidos y\/o con factores de riesgo para enfermedad grave por infecci\u00f3n respiratoria, durante al menos cinco d\u00edas desde el inicio de los s\u00edntomas. Luego, extremar cuidados hasta el d\u00eda d\u00e9cimo, con uso de barbijo, ventilaci\u00f3n y lavado de manos.<\/span><\/p>\n<p><span style=\"color: #000000;\">Si presenta s\u00edntomas y debe continuar con sus actividades, se recomienda:<\/span><\/p>\n<ul>\n<li><span style=\"color: #000000;\">Evitar contacto con personas vulnerables.<\/span><\/li>\n<li><span style=\"color: #000000;\">Utilizar medidas que disminuyan el riesgo de transmisi\u00f3n a otras personas.\u00a0<\/span><\/li>\n<li><span style=\"color: #000000;\">Utilizar barbijo adecuadamente colocado.<\/span><\/li>\n<li><span style=\"color: #000000;\">Evitar lugares con mucha concurrencia de personas: actividades sociales, transporte p\u00fablico o reuniones en lugares encerrados con poca ventilaci\u00f3n.\u00a0<\/span><\/li>\n<li><span style=\"color: #000000;\">Extremar medidas de cuidado dentro del hogar para evitar la transmisi\u00f3n a convivientes: ventilaci\u00f3n de ambientes, lavado regular de manos, cubrir la boca y la nariz al toser y estornudar, evitar visitas.\u00a0<\/span><\/li>\n<li><span style=\"color: #000000;\">Limpiar las superficies en contacto con personas enfermas con agua y detergente o jab\u00f3n, o soluci\u00f3n de alcohol al 70%.\u00a0<\/span><\/li>\n<li><span style=\"color: #000000;\">Si los s\u00edntomas empeoran o le generan preocupaci\u00f3n, realizar una consulta m\u00e9dica.<\/span><\/li>\n<\/ul>\n","protected":false},"excerpt":{"rendered":"<p>Desde el Ministerio de Salud y Deportes de Mendoza se\u00f1alan que el registro de casos de infecci\u00f3n respiratoria aguda es menor &#8230;<\/p>\n","protected":false},"author":7,"featured_media":135851,"comment_status":"open","ping_status":"open","sticky":false,"template":"","format":"standard","meta":{"footnotes":""},"categories":[5,15],"tags":[],"class_list":["post-135850","post","type-post","status-publish","format-standard","has-post-thumbnail","hentry","category-actualidad","category-salud"],"_links":{"self":[{"href":"https:\/\/vinasfm.com\/noticias\/wp-json\/wp\/v2\/posts\/135850","targetHints":{"allow":["GET"]}}],"collection":[{"href":"https:\/\/vinasfm.com\/noticias\/wp-json\/wp\/v2\/posts"}],"about":[{"href":"https:\/\/vinasfm.com\/noticias\/wp-json\/wp\/v2\/types\/post"}],"author":[{"embeddable":true,"href":"https:\/\/vinasfm.com\/noticias\/wp-json\/wp\/v2\/users\/7"}],"replies":[{"embeddable":true,"href":"https:\/\/vinasfm.com\/noticias\/wp-json\/wp\/v2\/comments?post=135850"}],"version-history":[{"count":1,"href":"https:\/\/vinasfm.com\/noticias\/wp-json\/wp\/v2\/posts\/135850\/revisions"}],"predecessor-version":[{"id":135852,"href":"https:\/\/vinasfm.com\/noticias\/wp-json\/wp\/v2\/posts\/135850\/revisions\/135852"}],"wp:featuredmedia":[{"embeddable":true,"href":"https:\/\/vinasfm.com\/noticias\/wp-json\/wp\/v2\/media\/135851"}],"wp:attachment":[{"href":"https:\/\/vinasfm.com\/noticias\/wp-json\/wp\/v2\/media?parent=135850"}],"wp:term":[{"taxonomy":"category","embeddable":true,"href":"https:\/\/vinasfm.com\/noticias\/wp-json\/wp\/v2\/categories?post=135850"},{"taxonomy":"post_tag","embeddable":true,"href":"https:\/\/vinasfm.com\/noticias\/wp-json\/wp\/v2\/tags?post=135850"}],"curies":[{"name":"wp","href":"https:\/\/api.w.org\/{rel}","templated":true}]}}