{"id":135847,"date":"2024-05-30T08:15:55","date_gmt":"2024-05-30T11:15:55","guid":{"rendered":"https:\/\/vinasfm.com\/noticias\/?p=135847"},"modified":"2024-05-31T09:20:41","modified_gmt":"2024-05-31T12:20:41","slug":"el-fondo-de-deportes-buscara-ayudar-a-deportistas-federados","status":"publish","type":"post","link":"https:\/\/vinasfm.com\/noticias\/el-fondo-de-deportes-buscara-ayudar-a-deportistas-federados\/","title":{"rendered":"EL FONDO DE DEPORTES BUSCAR\u00c1 AYUDAR A DEPORTISTAS FEDERADOS"},"content":{"rendered":"<h4>El director de Deporte se refiri\u00f3 a los fondos del deporte que ser\u00e1n destinados a los deportistas en funci\u00f3n a las necesidades, las proyecciones y los objetivos que tengan.<\/h4>\n<p><em><strong>\u201cEl fondo de deporte se utiliza para ayudar a todos los deportistas federados o en proceso. Se ha asignado una partida presupuestaria, que estar\u00e1 disponible a partir del a\u00f1o que viene. Esa partida va a ser destinada en funci\u00f3n a todos los pedidos que nosotros tenemos de distintos deportistas. Y va a estar regulada por un consejo del deporte que va a estar conformado por diferentes referentes\u201d,<\/strong><\/em> expres\u00f3 Alberto G\u00f3mez, director de Deporte.<\/p>\n<p>As\u00ed mismo, el funcionario sostuvo que <em><strong>\u00abesto se va a conocer debido al trabajo que los deportistas realicen durante el a\u00f1o como donde participen y los montos. Nos hemos encontrado con una gran demanda de los deportistas, as\u00ed que esto es una herramienta para solucionar un problema\u201d.<\/strong><\/em><\/p>\n<p>El consejo del deporte estar\u00e1 conformado por diferentes referentes del deporte, asociaciones civiles, clubes, deportistas, vecinos, etc.<\/p>\n<p>Alejandra Torti, pta. del Concejo Deliberante manifest\u00f3 <strong><em>\u201ctodos sabemos que el fonde del deporte debe pasar por el Concejo Deliberante, fue aprobado por unanimidad y lo importante es darle un marco legal a este programa que va a lograr que perdure en el tiempo y pasen los directores, los intendentes, y los deportistas de General Alvear van a contar con esta norma legal para poder tener sus fondos y poder atender esta demanda\u201d.<\/em><\/strong><\/p>\n","protected":false},"excerpt":{"rendered":"<p>El director de Deporte se refiri\u00f3 a los fondos del deporte que ser\u00e1n destinados a los deportistas en funci\u00f3n a las &#8230;<\/p>\n","protected":false},"author":7,"featured_media":135848,"comment_status":"open","ping_status":"open","sticky":false,"template":"","format":"standard","meta":{"footnotes":""},"categories":[5,3],"tags":[],"class_list":["post-135847","post","type-post","status-publish","format-standard","has-post-thumbnail","hentry","category-actualidad","category-deportes"],"_links":{"self":[{"href":"https:\/\/vinasfm.com\/noticias\/wp-json\/wp\/v2\/posts\/135847","targetHints":{"allow":["GET"]}}],"collection":[{"href":"https:\/\/vinasfm.com\/noticias\/wp-json\/wp\/v2\/posts"}],"about":[{"href":"https:\/\/vinasfm.com\/noticias\/wp-json\/wp\/v2\/types\/post"}],"author":[{"embeddable":true,"href":"https:\/\/vinasfm.com\/noticias\/wp-json\/wp\/v2\/users\/7"}],"replies":[{"embeddable":true,"href":"https:\/\/vinasfm.com\/noticias\/wp-json\/wp\/v2\/comments?post=135847"}],"version-history":[{"count":1,"href":"https:\/\/vinasfm.com\/noticias\/wp-json\/wp\/v2\/posts\/135847\/revisions"}],"predecessor-version":[{"id":135849,"href":"https:\/\/vinasfm.com\/noticias\/wp-json\/wp\/v2\/posts\/135847\/revisions\/135849"}],"wp:featuredmedia":[{"embeddable":true,"href":"https:\/\/vinasfm.com\/noticias\/wp-json\/wp\/v2\/media\/135848"}],"wp:attachment":[{"href":"https:\/\/vinasfm.com\/noticias\/wp-json\/wp\/v2\/media?parent=135847"}],"wp:term":[{"taxonomy":"category","embeddable":true,"href":"https:\/\/vinasfm.com\/noticias\/wp-json\/wp\/v2\/categories?post=135847"},{"taxonomy":"post_tag","embeddable":true,"href":"https:\/\/vinasfm.com\/noticias\/wp-json\/wp\/v2\/tags?post=135847"}],"curies":[{"name":"wp","href":"https:\/\/api.w.org\/{rel}","templated":true}]}}