{"id":135840,"date":"2024-05-30T10:05:27","date_gmt":"2024-05-30T13:05:27","guid":{"rendered":"https:\/\/vinasfm.com\/noticias\/?p=135840"},"modified":"2024-05-30T10:05:54","modified_gmt":"2024-05-30T13:05:54","slug":"conflicto-con-la-pampa-molero-convocara-a-intendentes-y-a-otros-actores-para-la-defensa-del-rio-atuel","status":"publish","type":"post","link":"https:\/\/vinasfm.com\/noticias\/conflicto-con-la-pampa-molero-convocara-a-intendentes-y-a-otros-actores-para-la-defensa-del-rio-atuel\/","title":{"rendered":"CONFLICTO CON LA PAMPA: MOLERO CONVOCAR\u00c1 A INTENDENTES Y A OTROS ACTORES PARA LA DEFENSA DEL R\u00cdO ATUEL"},"content":{"rendered":"<h4><strong>La reciente demanda de la provincia de La Pampa con respecto al r\u00edo Atuel ha generado gran inquietud en Mendoza. La posibilidad de ceder parte de este recurso h\u00eddrico a La Pampa representa un desaf\u00edo significativo para ambas provincias, y se est\u00e1n llevando a cabo gestiones para abordar esta delicada situaci\u00f3n.<\/strong><\/h4>\n<p>Al respecto el Intendente de General Alvear Alejandro Molero en nota exclusiva con <strong><span style=\"color: #000080;\">FM VI\u00d1AS<\/span><\/strong>\u00a0 luego de reunirse con el Gobernador Alfredo Cornejo anticip\u00f3 que van a convocar a los otros intendentes del sur y a los referentes del departamento General de Irrigaci\u00f3n para comenzar a planificar la defensa de los intereses de Mendoza.<\/p>\n<p><em><strong>\u201cLa corte ha dado lugar a la ultima demanda de La Pampa, ha comunicado a Mendoza y le dio 10 d\u00edas. Mendoza ha presentado en el d\u00eda de hoy su defensa, pero una opini\u00f3n absolutamente personal y tambi\u00e9n en la que muchos coincidimos. Hoy tenemos un alto riesgo de que el r\u00edo Atuel tenga, o los mendocinos estemos obligados a cederle parte de nuestro r\u00edo Atuel a la Pampa. Se est\u00e1 trabajando en todos los aspectos, en todos los sentidos. Yo hoy a la tarde me voy a poner con la agenda para convocar a los tres intendentes del sur, voy a ver si lo hacemos para el d\u00eda lunes, y ah\u00ed convocar a todos los actores necesarios, a convocar al superintendente de irrigaci\u00f3n a trabajar sobre este tema que nos preocupa de sobremanera y que necesitamos r\u00e1pidamente ponernos a trabajar, concientizar, visibilizar<\/strong><\/em>\u201d, dijo desde Mendoza en comunicaci\u00f3n telef\u00f3nica para nuestros estudios.<\/p>\n<p>El jefe comunal recalc\u00f3 de muy importante las gestiones en medio de esta controversia ya que se reconoce la dificultad de llegar a un acuerdo, especialmente debido a las posturas disidentes entre ambas provincias.<\/p>\n<p>Molero afirm\u00f3 que el r\u00edo Atuel no solo es vital para la vida en la regi\u00f3n, sino que tambi\u00e9n desempe\u00f1a un papel fundamental en la producci\u00f3n local, siendo crucial para la sostenibilidad de diversas actividades econ\u00f3micas.<\/p>\n<p><em><strong>\u201cHace 40 a\u00f1os que vienen instruyendo en las escuelas o como le quieren decir que Mendoza les rob\u00f3 un r\u00edo y eso lo han logrado hacer carne en la sociedad, entonces dif\u00edcilmente se pueda acceder a acuerdos serios, equilibrados, con el gobierno pampeano cuando lo tiene hecho como una cuesti\u00f3n casi ideol\u00f3gica y cultural. Tenemos que estar muy atentos, movilizados, unidos, trabajando juntos para esta nueva embestida de la Pampa\u00bb.<\/strong><\/em><\/p>\n<p>El jefe comunal alvearense adelant\u00f3 que las gestiones ser\u00e1n muy contundentes <em><strong>\u201cy vamos a ser absolutamente claros, los alvearenses no podemos ser timoratos y tener medios tintas en la defensa del r\u00edo Atuel porque sin el rio se nos va la vida, se nos va el futuro, se nos va la posibilidad de producci\u00f3n y nosotros en eso tenemos que estar sumamente consustanciados, atentos y repito: con absoluta contundencia y decisi\u00f3n. Ac\u00e1 no es tiempo para tibios ni para posiciones ambiguas\u201d<\/strong><\/em>, dijo contundente.<\/p>\n","protected":false},"excerpt":{"rendered":"<p>La reciente demanda de la provincia de La Pampa con respecto al r\u00edo Atuel ha generado gran inquietud en Mendoza. La &#8230;<\/p>\n","protected":false},"author":7,"featured_media":134675,"comment_status":"open","ping_status":"open","sticky":false,"template":"","format":"standard","meta":{"footnotes":""},"categories":[1],"tags":[],"class_list":["post-135840","post","type-post","status-publish","format-standard","has-post-thumbnail","hentry","category-fmvinas"],"_links":{"self":[{"href":"https:\/\/vinasfm.com\/noticias\/wp-json\/wp\/v2\/posts\/135840","targetHints":{"allow":["GET"]}}],"collection":[{"href":"https:\/\/vinasfm.com\/noticias\/wp-json\/wp\/v2\/posts"}],"about":[{"href":"https:\/\/vinasfm.com\/noticias\/wp-json\/wp\/v2\/types\/post"}],"author":[{"embeddable":true,"href":"https:\/\/vinasfm.com\/noticias\/wp-json\/wp\/v2\/users\/7"}],"replies":[{"embeddable":true,"href":"https:\/\/vinasfm.com\/noticias\/wp-json\/wp\/v2\/comments?post=135840"}],"version-history":[{"count":2,"href":"https:\/\/vinasfm.com\/noticias\/wp-json\/wp\/v2\/posts\/135840\/revisions"}],"predecessor-version":[{"id":135842,"href":"https:\/\/vinasfm.com\/noticias\/wp-json\/wp\/v2\/posts\/135840\/revisions\/135842"}],"wp:featuredmedia":[{"embeddable":true,"href":"https:\/\/vinasfm.com\/noticias\/wp-json\/wp\/v2\/media\/134675"}],"wp:attachment":[{"href":"https:\/\/vinasfm.com\/noticias\/wp-json\/wp\/v2\/media?parent=135840"}],"wp:term":[{"taxonomy":"category","embeddable":true,"href":"https:\/\/vinasfm.com\/noticias\/wp-json\/wp\/v2\/categories?post=135840"},{"taxonomy":"post_tag","embeddable":true,"href":"https:\/\/vinasfm.com\/noticias\/wp-json\/wp\/v2\/tags?post=135840"}],"curies":[{"name":"wp","href":"https:\/\/api.w.org\/{rel}","templated":true}]}}