{"id":135838,"date":"2024-05-30T10:05:10","date_gmt":"2024-05-30T13:05:10","guid":{"rendered":"https:\/\/vinasfm.com\/noticias\/?p=135838"},"modified":"2024-05-31T09:20:04","modified_gmt":"2024-05-31T12:20:04","slug":"gestiones-municipales-molero-se-reunio-con-latorre-y-ramagnoli","status":"publish","type":"post","link":"https:\/\/vinasfm.com\/noticias\/gestiones-municipales-molero-se-reunio-con-latorre-y-ramagnoli\/","title":{"rendered":"GESTIONES MUNICIPALES: MOLERO SE REUNI\u00d3 CON LATORRE Y ROMAGNOLI"},"content":{"rendered":"<p><span style=\"color: #000000;\"><strong>Los encuentros se dieron con el objetivo de seguir proyectando a General Alvear y obtener mejoras en la calidad de vida de los alverenses.<\/strong><\/span><\/p>\n<p><span style=\"color: #000000;\">En las \u00faltimas horas el Sr. Intendente Alejandro Molero se reuni\u00f3 con la titular de Energ\u00eda y Ambiente, Jimena Latorre, y en el encuentro tuvo lugar la firma de un convenio \u00a0para contribuir el fortalecimiento de la gesti\u00f3n ambiental en la provincia de Mendoza y las tem\u00e1ticas ambientales en el departamento de General Alvear.<\/span><\/p>\n<p><span style=\"color: #000000;\">Sobre el encuentro, Molero explic\u00f3 que <strong><em>\u201cse trata de un convenio en donde nos seden maquinaria pesada, propiedad de Hidr\u00e1ulica de la Provincia, que traer\u00e1n ser\u00e1n usadas por el Municipio y adem\u00e1s reforzar\u00e1n el Plan Provincial de Manejo del Fuego que act\u00faa en nuestro departamento\u201d.<\/em><\/strong><\/span><\/p>\n<p><img loading=\"lazy\" decoding=\"async\" class=\"\" src=\"https:\/\/scontent.fcor13-1.fna.fbcdn.net\/v\/t39.30808-6\/441461823_18441396568005714_6895430466277324655_n.jpg?_nc_cat=104&amp;ccb=1-7&amp;_nc_sid=5f2048&amp;_nc_ohc=KOr_2ejLXkQQ7kNvgEC_zXI&amp;_nc_ht=scontent.fcor13-1.fna&amp;cb_e2o_trans=t&amp;oh=00_AYBc-QT_tXhWNrztMTCXe9crEamVuIpJS1xfJBKMn0rRVQ&amp;oe=665E303A\" alt=\"Puede ser una imagen de 2 personas, personas estudiando y texto\" width=\"491\" height=\"368\" \/><\/p>\n<h6>Alejandro Molero junto a Osvaldo Romagnoli, titular de Vialidad Mendoza.<\/h6>\n<p><span style=\"color: #000000;\">Por otro lado, se reuni\u00f3 con el titular de Vialidad Mendoza, Osvaldo Romagnoli, en donde se dio a conocer el llamado a licitaci\u00f3n para la provisi\u00f3n y transporte de \u00e1ridos, para el mejoramiento en las rutas ganaderas del departamento. <strong><em>\u201cNos pone muy contentos que se comience a concretar a muy pocos d\u00edas del anuncio que realiz\u00f3 el Sr. Gobernador durante la Fiesta de la Ganader\u00eda\u201d<\/em><\/strong>, expres\u00f3 el Jefe Comunal.<\/span><\/p>\n<p><span style=\"color: #000000;\">As\u00ed mismo, junto con Romagnoli avanz\u00f3 en la intervenci\u00f3n en los caminos ganaderos. <strong><em>\u201cHemos logrado un gran avance al respecto. Se ha realizado una prueba piloto para utilizar elementos qu\u00edmicos para garantizar un trabajo con mayor calidad\u201d,<\/em><\/strong> explic\u00f3 Alejandro Molero y agreg\u00f3 que <strong><em>\u201cestamos hablamos de inversiones de millones de pesos para darle fin a una problem\u00e1tica que nos preocupa desde hace d\u00e9cadas\u201d.<\/em><\/strong><\/span><\/p>\n<h6>G. Vallejos<\/h6>\n","protected":false},"excerpt":{"rendered":"<p>Los encuentros se dieron con el objetivo de seguir proyectando a General Alvear y obtener mejoras en la calidad de vida &#8230;<\/p>\n","protected":false},"author":7,"featured_media":135856,"comment_status":"open","ping_status":"open","sticky":false,"template":"","format":"standard","meta":{"footnotes":""},"categories":[5,78],"tags":[],"class_list":["post-135838","post","type-post","status-publish","format-standard","has-post-thumbnail","hentry","category-actualidad","category-municipalidad"],"_links":{"self":[{"href":"https:\/\/vinasfm.com\/noticias\/wp-json\/wp\/v2\/posts\/135838","targetHints":{"allow":["GET"]}}],"collection":[{"href":"https:\/\/vinasfm.com\/noticias\/wp-json\/wp\/v2\/posts"}],"about":[{"href":"https:\/\/vinasfm.com\/noticias\/wp-json\/wp\/v2\/types\/post"}],"author":[{"embeddable":true,"href":"https:\/\/vinasfm.com\/noticias\/wp-json\/wp\/v2\/users\/7"}],"replies":[{"embeddable":true,"href":"https:\/\/vinasfm.com\/noticias\/wp-json\/wp\/v2\/comments?post=135838"}],"version-history":[{"count":3,"href":"https:\/\/vinasfm.com\/noticias\/wp-json\/wp\/v2\/posts\/135838\/revisions"}],"predecessor-version":[{"id":135859,"href":"https:\/\/vinasfm.com\/noticias\/wp-json\/wp\/v2\/posts\/135838\/revisions\/135859"}],"wp:featuredmedia":[{"embeddable":true,"href":"https:\/\/vinasfm.com\/noticias\/wp-json\/wp\/v2\/media\/135856"}],"wp:attachment":[{"href":"https:\/\/vinasfm.com\/noticias\/wp-json\/wp\/v2\/media?parent=135838"}],"wp:term":[{"taxonomy":"category","embeddable":true,"href":"https:\/\/vinasfm.com\/noticias\/wp-json\/wp\/v2\/categories?post=135838"},{"taxonomy":"post_tag","embeddable":true,"href":"https:\/\/vinasfm.com\/noticias\/wp-json\/wp\/v2\/tags?post=135838"}],"curies":[{"name":"wp","href":"https:\/\/api.w.org\/{rel}","templated":true}]}}