{"id":135824,"date":"2024-05-29T10:03:52","date_gmt":"2024-05-29T13:03:52","guid":{"rendered":"https:\/\/vinasfm.com\/noticias\/?p=135824"},"modified":"2024-05-30T08:44:38","modified_gmt":"2024-05-30T11:44:38","slug":"vialidad-licito-aridos-para-mejorar-los-caminos-ganaderos","status":"publish","type":"post","link":"https:\/\/vinasfm.com\/noticias\/vialidad-licito-aridos-para-mejorar-los-caminos-ganaderos\/","title":{"rendered":"VIALIDAD LICIT\u00d3 \u00c1RIDOS PARA MEJORAR LOS CAMINOS GANADEROS"},"content":{"rendered":"<h4><span style=\"color: #000000;\">Como lo prometi\u00f3 el Gobernador Alfredo Cornejo durante la pasada Fiesta de la Ganader\u00eda en General Alvear, Vialidad Mendoza llam\u00f3 a licitaci\u00f3n para la provisi\u00f3n y transporte de \u00e1ridos, que se ocupar\u00e1n para atender la conservaci\u00f3n de las rutas ganaderas del Sur provincial.\u00a0<\/span><\/h4>\n<p><span style=\"color: #000000;\">El llamado a licitaci\u00f3n fue publicado este martes en el<em>\u00a0Bolet\u00edn Oficial\u00a0<\/em>de la Provincia. De ahora en m\u00e1s, resta aguardar el proceso de rigor en el que deben presentarse los oferentes interesados, comenzar los plazos legales y cumplirse los requisitos legales para cumplir con la adjudicaci\u00f3n.\u00a0<\/span><\/p>\n<p><span style=\"color: #000000;\">El titular de Vialidad Mendoza, Osvaldo Romagnoli, indic\u00f3: <strong><em>\u201cNuestra preocupaci\u00f3n por la conservaci\u00f3n de las rutas ganaderas es permanente, por eso estamos desplegando estas medidas y trabajando conjuntamente con la actividad. La ganader\u00eda del secano es una de las actividades productivas florecientes de los \u00faltimos 15 a\u00f1os en Mendoza, la que actualmente produce casi medio mill\u00f3n de cabezas de ganado, que se cr\u00edan y alimentan en pleno desierto, aportando ya el 10% de la carne vacuna que se consume en la provincia\u201d.\u00a0<\/em><\/strong><\/span><\/p>\n<p><span style=\"color: #000000;\">Las rutas ganaderas, que son el acceso a estos campos ganaderos, son caminos remotos, ubicados en distintos puntos del territorio mendocino, en su mayor\u00eda en el Sur provincial y puntualmente en General Alvear.\u00a0<\/span><\/p>\n<p><span style=\"color: #000000;\">Se trata de caminos de suelo natural que todos los a\u00f1os son consolidados con \u00e1ridos compactados para que sean transitables para los camiones que trasladan el ganado. Para llegar con esos \u00e1ridos hasta las rutas ganaderas, Vialidad Mendoza debe adquirir no solo el material sino tambi\u00e9n pagar por el transporte hasta el lugar.\u00a0\u00a0<\/span><\/p>\n<p><span style=\"color: #000000;\">Mantener esos caminos implica adem\u00e1s un gran esfuerzo para la DPV, ya que demandan muchas horas m\u00e1quina, el trabajo de cuadrillas y el transporte y uso de agua en cantidad, para que los \u00e1ridos puedan ser compactados.<\/span><\/p>\n<p><span style=\"color: #000000;\">Durante la primera mitad del a\u00f1o, la Direcci\u00f3n Provincial de Vialidad mantuvo los caminos ganaderos con partidas de transportes de \u00e1ridos que ya ten\u00eda adquiridas de fines de 2023 y gracias a un convenio de colaboraci\u00f3n p\u00fablico-privado con los productores ganaderos, a trav\u00e9s del cual ellos aportaron el combustible y Vialidad Mendoza los equipos y el personal para cumplir con la faena.<\/span><\/p>\n","protected":false},"excerpt":{"rendered":"<p>Como lo prometi\u00f3 el Gobernador Alfredo Cornejo durante la pasada Fiesta de la Ganader\u00eda en General Alvear, Vialidad Mendoza llam\u00f3 a &#8230;<\/p>\n","protected":false},"author":7,"featured_media":135825,"comment_status":"open","ping_status":"open","sticky":false,"template":"","format":"standard","meta":{"footnotes":""},"categories":[5,79],"tags":[],"class_list":["post-135824","post","type-post","status-publish","format-standard","has-post-thumbnail","hentry","category-actualidad","category-vialidad"],"_links":{"self":[{"href":"https:\/\/vinasfm.com\/noticias\/wp-json\/wp\/v2\/posts\/135824","targetHints":{"allow":["GET"]}}],"collection":[{"href":"https:\/\/vinasfm.com\/noticias\/wp-json\/wp\/v2\/posts"}],"about":[{"href":"https:\/\/vinasfm.com\/noticias\/wp-json\/wp\/v2\/types\/post"}],"author":[{"embeddable":true,"href":"https:\/\/vinasfm.com\/noticias\/wp-json\/wp\/v2\/users\/7"}],"replies":[{"embeddable":true,"href":"https:\/\/vinasfm.com\/noticias\/wp-json\/wp\/v2\/comments?post=135824"}],"version-history":[{"count":2,"href":"https:\/\/vinasfm.com\/noticias\/wp-json\/wp\/v2\/posts\/135824\/revisions"}],"predecessor-version":[{"id":135833,"href":"https:\/\/vinasfm.com\/noticias\/wp-json\/wp\/v2\/posts\/135824\/revisions\/135833"}],"wp:featuredmedia":[{"embeddable":true,"href":"https:\/\/vinasfm.com\/noticias\/wp-json\/wp\/v2\/media\/135825"}],"wp:attachment":[{"href":"https:\/\/vinasfm.com\/noticias\/wp-json\/wp\/v2\/media?parent=135824"}],"wp:term":[{"taxonomy":"category","embeddable":true,"href":"https:\/\/vinasfm.com\/noticias\/wp-json\/wp\/v2\/categories?post=135824"},{"taxonomy":"post_tag","embeddable":true,"href":"https:\/\/vinasfm.com\/noticias\/wp-json\/wp\/v2\/tags?post=135824"}],"curies":[{"name":"wp","href":"https:\/\/api.w.org\/{rel}","templated":true}]}}