{"id":135817,"date":"2024-05-29T09:23:29","date_gmt":"2024-05-29T12:23:29","guid":{"rendered":"https:\/\/vinasfm.com\/noticias\/?p=135817"},"modified":"2024-05-30T08:45:08","modified_gmt":"2024-05-30T11:45:08","slug":"innovador-programa-busca-impulsar-la-horticultura-en-general-alvear","status":"publish","type":"post","link":"https:\/\/vinasfm.com\/noticias\/innovador-programa-busca-impulsar-la-horticultura-en-general-alvear\/","title":{"rendered":"INNOVADOR PROGRAMA BUSCA IMPULSAR LA HORTICULTURA EN GENERAL ALVEAR"},"content":{"rendered":"<h4><strong>Con el objetivo de revitalizar el sector hort\u00edcola en el departamento, se ha puesto en marcha un ambicioso programa que aborda cuatro l\u00edneas de acci\u00f3n clave: financiaci\u00f3n, formaci\u00f3n, organizaci\u00f3n e infraestructura.<\/strong><\/h4>\n<p>En un contexto desafiante marcado por la escasez de recursos h\u00eddricos, las adversidades clim\u00e1ticas y la falta de tecnolog\u00eda, este proyecto busca transformar la realidad de las fincas abandonadas y los cultivos en declive.<\/p>\n<p>La iniciativa, que lanz\u00f3 la Direcci\u00f3n de Agricultura a trav\u00e9s de la secretaria de Desarrollo, pretende convertir a General Alvear en un referente de la horticultura, generando empleo de calidad y oportunidades de negocio. A trav\u00e9s de la creaci\u00f3n de una finca modelo en la emblem\u00e1tica bodega Fara\u00f3n, se brindar\u00e1n capacitaciones y se facilitar\u00e1 el acceso a cr\u00e9ditos blandos para los productores locales.<\/p>\n<p>Con un enfoque innovador y sostenible, se busca no solo impulsar la producci\u00f3n hort\u00edcola, sino tambi\u00e9n promover la integraci\u00f3n en la cadena de comercializaci\u00f3n y garantizar la formaci\u00f3n continua de los profesionales del sector.<\/p>\n<h2><strong>El Programa<\/strong><\/h2>\n<p>El mismo tiene cuatro l\u00edneas de acciones: financiaci\u00f3n, formaci\u00f3n, organizaci\u00f3n e infraestructura. El contexto actual ha dejado fincas en estado de abandono, cultivo con manejo deficiente y estado regular, alternancia y l\u00edmites en la producci\u00f3n, falta de inversi\u00f3n y pocas chances de generar empleo de calidad en la regi\u00f3n. Por eso la productividad es baja y la poca capacidad de cambios no logran revertir la situaci\u00f3n.<\/p>\n<p>Con esta idea se busca generar condiciones y herramientas que permitan un proceso de adecuaci\u00f3n m\u00e1s \u00e1gil y buscando un modelo sostenible ayuda a la oportunidad de negocios.<\/p>\n<p>Es por eso que la horticultura aparece como una oportunidad para el agro alvearense debido a que tiene ciclos productivos cortos, escalas de explotaciones que se adecuan a la actividad, menor nivel de inversi\u00f3n comparativa, posibilidad de m\u00e1s de un ciclo productivo por a\u00f1o, optimizaci\u00f3n del recurso h\u00eddrico, alta generaci\u00f3n de empleo por unidad de superficie y la posibilidad de satisfacer la demanda local y otros mercados.<\/p>\n<h2>\nLa Propuesta<\/h2>\n<p>Hist\u00f3ricamente el oasis sur de Mendoza ha sido importador de hortalizas que se producen en otras regiones.<\/p>\n<p>La invitaci\u00f3n busca generar una alternativa viable para el sector productivo departamental, lograr que la horticultura sea una actividad permanente, siendo una opci\u00f3n m\u00e1s para los productores, que en el sector rural exista una oferta permanente de mano de obra calificada para la horticultura y que el Departamento de General Alvear posea un sector hort\u00edcola, atractivo para los diferentes mercados del pa\u00eds.<\/p>\n<p>Se ejecutar\u00e1 una finca modelo en la bodega fara\u00f3n donde habr\u00e1 capacitaciones y tambi\u00e9n se buscar\u00e1 cr\u00e9ditos blandos Municipales ajustados al perfil de productor departamental.<\/p>\n<p>Actualmente el Municipio se encuentra trabajando de manera conjunta con el INTA, en pos de desarrollar un circuito formativo que abarque los componentes m\u00e1s significativos de la actividad y se buscar\u00e1 la posibilidad de contar con diplomaturas para los profesionales del sector (ingenieros agr\u00f3nomos) con temas espec\u00edficos relacionados con la horticultura.<\/p>\n<p>El municipio dispondr\u00e1 de un predio de uso agr\u00edcola con acompa\u00f1amiento profesional (Ingeniero agr\u00f3nomo, contador, etc) y a trav\u00e9s de la asistencia econ\u00f3mica con fondos municipales ya aprobados se buscar\u00e1 incorporar tecnolog\u00eda (malla antigranizo, riego por goteo).<\/p>\n<h2>\nFinanciaci\u00f3n<\/h2>\n<p>Para esto se crear\u00e1 un \u201cFondo Municipal\u201d para financiar proyectos hort\u00edcolas, con el apoyo de financiamiento provincial proveniente de la distribuci\u00f3n de fondos de \u201cPortezuelo del Viento\u201d fortalecidos anualmente con partidas presupuestarias municipales, dicho fondo Municipal financiar\u00e1 proyectos hort\u00edcolas por $600.000.000 repartidos en 2 a\u00f1os: $350.000 en el a\u00f1o 2025 y $250.000 en el 2026 m\u00e1s las partidas que se pueden conseguir de Portezuelo del viento; se trabajar\u00e1 con el fondo de la Transformaci\u00f3n y Crecimiento. (L\u00ednea espec\u00edfica para productor minifundista) y otras l\u00edneas de financiamiento para el agro.<\/p>\n<h2>\nIntegrantes<\/h2>\n<p>El Consejo Hort\u00edcola Departamental estar\u00e1 conformado por el Municipio, Productores, INTA, Sector Industrial, C\u00e1mara de Comercio, Senasa, HCD y el Centro de Ingenieros.<\/p>\n<p>Se buscar\u00e1 potenciar el mercado concentrador municipal para la venta y distribuci\u00f3n de alimentos a gran escala y los objetivos ser\u00e1n:<\/p>\n<p>-Mejorar la eficiencia en la distribuci\u00f3n<br \/>\n-Promover condiciones formales de comercializaci\u00f3n<br \/>\n-Fortalecer las econom\u00edas locales.<\/p>\n<p>-Proveer como servicio municipal estudios de mercado, estad\u00edsticas a trav\u00e9s del Departamento de Estad\u00edsticas y Censos del Municipio, para fortalecimiento de la planificaci\u00f3n a partir de informaci\u00f3n local.<\/p>\n<p>El \u00e9xito del Programa Hort\u00edcola Departamental depende de la colaboraci\u00f3n efectiva entre entidades p\u00fablicas y privadas.<\/p>\n<p>La implementaci\u00f3n del programa involucra la participaci\u00f3n de instituciones como INTA, ISCAMEN, SENASA, C\u00e1mara de Comercio, Centro de Ingenieros Agr\u00f3nomos, Cooperativas, Municipalidad de General Alvear entre otras.<\/p>\n<p>La colaboraci\u00f3n entre estas entidades permite aprovechar sinergias y recursos complementarios para maximizar el impacto del programa en el desarrollo hort\u00edcola de la regi\u00f3n y fundamentalmente planificar el sector con una mirada integral.<\/p>\n<h2>Repercusiones<\/h2>\n<p>El intendente Alejandro Molero, quien encabez\u00f3 la propuesta en la Bodega Fara\u00f3n dijo que se busca la posibilidad de diversificar la matriz productiva del departamento a trav\u00e9s de la horticultura protegida. \u201cSe est\u00e1n realizando capacitaciones, estudios de mercado y se est\u00e1n buscando fondos para financiar el proyecto. Se espera que este proyecto genere progreso y desarrollo para el sector agropecuario de la zona\u201d.<\/p>\n<p>El director de Agricultura Agust\u00edn Anzorena, dijo despu\u00e9s de la presentaci\u00f3n que la idea busca tecnificar un predio de dos hect\u00e1reas para capacitar a los productores y promover la agricultura familiar. \u201cSe han obtenido financiamientos municipales y se buscar\u00e1 financiamiento provincial y de los fondos de Portezuelo del Viento. El objetivo es generar herramientas de financiamiento accesibles para los peque\u00f1os productores\u201d.<\/p>\n<p>Presente en el lugar, el director de Agricultura de la Provincia Alfredo Draque consider\u00f3 como innovador el proyecto y se comprometi\u00f3 a ayudar\u00e1 \u201cpara tecnificar la producci\u00f3n agr\u00edcola en la provincia, reduciendo la dependencia de importaciones\u00b4\u201d. Destac\u00f3 la importancia de la colaboraci\u00f3n entre el sector p\u00fablico y privado, y mencion\u00f3 el apoyo del Ministerio de la Producci\u00f3n para brindar cr\u00e9ditos y ayudas a los productores.<\/p>\n<p>El encargado en la zona sur del Ministerio de la Producci\u00f3n Andr\u00e9s Vavrik se mostr\u00f3 contento y orgulloso de participar en el proyecto de innovaci\u00f3n en el sector agr\u00edcola. Destac\u00f3 la importancia de la capacitaci\u00f3n y tecnificaci\u00f3n para el crecimiento del sector.<\/p>\n<p>El secretario de Desarrollo y Promoci\u00f3n Departamental Hugo Molina tambi\u00e9n dio declaraciones y opin\u00f3 que es un proyecto ambicioso que busca fomentar la producci\u00f3n agr\u00edcola a trav\u00e9s de la implementaci\u00f3n de tecnolog\u00edas como malla antigranizo y riego.<\/p>\n<p><em><strong>\u201cSe ha trabajado en conjunto con diversas organizaciones y se cuenta con el apoyo financiero del municipio. El objetivo es beneficiar a peque\u00f1os y medianos productores, as\u00ed como tambi\u00e9n a aquellos con intenciones de expansi\u00f3n, garantizando la comercializaci\u00f3n de los productos\u201d<\/strong><\/em>, culmin\u00f3.<\/p>\n","protected":false},"excerpt":{"rendered":"<p>Con el objetivo de revitalizar el sector hort\u00edcola en el departamento, se ha puesto en marcha un ambicioso programa que aborda &#8230;<\/p>\n","protected":false},"author":7,"featured_media":135819,"comment_status":"open","ping_status":"open","sticky":false,"template":"","format":"standard","meta":{"footnotes":""},"categories":[5,14],"tags":[],"class_list":["post-135817","post","type-post","status-publish","format-standard","has-post-thumbnail","hentry","category-actualidad","category-agro"],"_links":{"self":[{"href":"https:\/\/vinasfm.com\/noticias\/wp-json\/wp\/v2\/posts\/135817","targetHints":{"allow":["GET"]}}],"collection":[{"href":"https:\/\/vinasfm.com\/noticias\/wp-json\/wp\/v2\/posts"}],"about":[{"href":"https:\/\/vinasfm.com\/noticias\/wp-json\/wp\/v2\/types\/post"}],"author":[{"embeddable":true,"href":"https:\/\/vinasfm.com\/noticias\/wp-json\/wp\/v2\/users\/7"}],"replies":[{"embeddable":true,"href":"https:\/\/vinasfm.com\/noticias\/wp-json\/wp\/v2\/comments?post=135817"}],"version-history":[{"count":1,"href":"https:\/\/vinasfm.com\/noticias\/wp-json\/wp\/v2\/posts\/135817\/revisions"}],"predecessor-version":[{"id":135820,"href":"https:\/\/vinasfm.com\/noticias\/wp-json\/wp\/v2\/posts\/135817\/revisions\/135820"}],"wp:featuredmedia":[{"embeddable":true,"href":"https:\/\/vinasfm.com\/noticias\/wp-json\/wp\/v2\/media\/135819"}],"wp:attachment":[{"href":"https:\/\/vinasfm.com\/noticias\/wp-json\/wp\/v2\/media?parent=135817"}],"wp:term":[{"taxonomy":"category","embeddable":true,"href":"https:\/\/vinasfm.com\/noticias\/wp-json\/wp\/v2\/categories?post=135817"},{"taxonomy":"post_tag","embeddable":true,"href":"https:\/\/vinasfm.com\/noticias\/wp-json\/wp\/v2\/tags?post=135817"}],"curies":[{"name":"wp","href":"https:\/\/api.w.org\/{rel}","templated":true}]}}