{"id":135816,"date":"2024-05-29T09:24:10","date_gmt":"2024-05-29T12:24:10","guid":{"rendered":"https:\/\/vinasfm.com\/noticias\/?p=135816"},"modified":"2024-05-30T08:44:54","modified_gmt":"2024-05-30T11:44:54","slug":"el-municipio-inspecciono-un-hogar-de-ancianos-por-irregularidades","status":"publish","type":"post","link":"https:\/\/vinasfm.com\/noticias\/el-municipio-inspecciono-un-hogar-de-ancianos-por-irregularidades\/","title":{"rendered":"EL MUNICIPIO INSPECCION\u00d3 UN HOGAR DE ANCIANOS POR IRREGULARIDADES"},"content":{"rendered":"<h4><span style=\"color: #000000;\">Durante la jornada del lunes circul\u00f3 un video en las redes sociales en donde se observada a los pacientes durmiendo en cuestionables condiciones, seg\u00fan consideraron quienes llegaron a ver las im\u00e1genes.<\/span><\/h4>\n<p><span style=\"color: #000000;\">Tras la alarmante situaci\u00f3n, Mabel Uccelli junto a personal de la Direcci\u00f3n de Inspecci\u00f3n llegaron al geri\u00e1trico para inspeccionar las instalaciones, <strong><em>\u00ablo que m\u00e1s nos preocupa es el estado de salud de las personas. Presentes en el lugar pudimos revisar a cada uno de los abuelos y constatamos que su estado de salud es acorde a su edad y las patolog\u00edas que presentan\u00bb.<\/em><\/strong>\u00a0<\/span><\/p>\n<p><span style=\"color: #000000;\">Adem\u00e1s, la directora de Inspecci\u00f3n de la Comuna destac\u00f3 que <strong><em>\u00abdesde hace 6 mese se hacen los controles peri\u00f3dicos en todos los geri\u00e1tricos y hogares de ancianos del departamento. En estas visitas no solo se inspecciona la infraestructura del lugar, sino que tambi\u00e9n se brinda un acompa\u00f1amiento y asesoramiento a los propietarios de estos lugares para que puedan trabajar dentro de la normativa vigente y asegurar una buena atenci\u00f3n\u00bb.<\/em><\/strong>\u00a0<\/span><\/p>\n<p><span style=\"color: #000000;\"><strong><em>\u00abActualmente no existe causa alguna para clausurar el geri\u00e1trico porque re\u00fane todas las condiciones de la normativa vigente\u00bb,<\/em><\/strong> sostuvo la funcionaria y agreg\u00f3 que <strong><em>\u00absi bien en las im\u00e1genes y en la visita no se pudo observar ninguna situaci\u00f3n de violencia o maltrato queremos animar a quienes presencien estas situaciones a realizar la denuncia correspondiente\u00bb.<\/em><\/strong><\/span><\/p>\n<p><span style=\"color: #000000;\">Un detalle que llam\u00f3 la atenci\u00f3n y caus\u00f3 gran preocupaci\u00f3n de la comunidad alvearense fue que en el video divulgado se observa a los abuelos durmiendo sobre colchones rotos y sin s\u00e1banas. <strong><em>\u201cEn nuestra visita podemos encontrar todo en condiciones pero, por la condici\u00f3n de los abuelos, la situaci\u00f3n puede cambiar de una hora a otra\u201d<\/em><\/strong>, subray\u00f3 Uccelli y remarc\u00f3 <strong><em>\u201ces por esto que insistimos en el acompa\u00f1amiento de los familiares y el personal de las instituciones\u201d.<\/em><\/strong><\/span><\/p>\n<p>&nbsp;<\/p>\n","protected":false},"excerpt":{"rendered":"<p>Durante la jornada del lunes circul\u00f3 un video en las redes sociales en donde se observada a los pacientes durmiendo en &#8230;<\/p>\n","protected":false},"author":7,"featured_media":135818,"comment_status":"open","ping_status":"open","sticky":false,"template":"","format":"standard","meta":{"footnotes":""},"categories":[5,11],"tags":[],"class_list":["post-135816","post","type-post","status-publish","format-standard","has-post-thumbnail","hentry","category-actualidad","category-sociales"],"_links":{"self":[{"href":"https:\/\/vinasfm.com\/noticias\/wp-json\/wp\/v2\/posts\/135816","targetHints":{"allow":["GET"]}}],"collection":[{"href":"https:\/\/vinasfm.com\/noticias\/wp-json\/wp\/v2\/posts"}],"about":[{"href":"https:\/\/vinasfm.com\/noticias\/wp-json\/wp\/v2\/types\/post"}],"author":[{"embeddable":true,"href":"https:\/\/vinasfm.com\/noticias\/wp-json\/wp\/v2\/users\/7"}],"replies":[{"embeddable":true,"href":"https:\/\/vinasfm.com\/noticias\/wp-json\/wp\/v2\/comments?post=135816"}],"version-history":[{"count":1,"href":"https:\/\/vinasfm.com\/noticias\/wp-json\/wp\/v2\/posts\/135816\/revisions"}],"predecessor-version":[{"id":135821,"href":"https:\/\/vinasfm.com\/noticias\/wp-json\/wp\/v2\/posts\/135816\/revisions\/135821"}],"wp:featuredmedia":[{"embeddable":true,"href":"https:\/\/vinasfm.com\/noticias\/wp-json\/wp\/v2\/media\/135818"}],"wp:attachment":[{"href":"https:\/\/vinasfm.com\/noticias\/wp-json\/wp\/v2\/media?parent=135816"}],"wp:term":[{"taxonomy":"category","embeddable":true,"href":"https:\/\/vinasfm.com\/noticias\/wp-json\/wp\/v2\/categories?post=135816"},{"taxonomy":"post_tag","embeddable":true,"href":"https:\/\/vinasfm.com\/noticias\/wp-json\/wp\/v2\/tags?post=135816"}],"curies":[{"name":"wp","href":"https:\/\/api.w.org\/{rel}","templated":true}]}}