{"id":135804,"date":"2024-05-28T17:43:55","date_gmt":"2024-05-28T20:43:55","guid":{"rendered":"https:\/\/vinasfm.com\/noticias\/?p=135804"},"modified":"2024-05-29T10:27:30","modified_gmt":"2024-05-29T13:27:30","slug":"por-unica-vez-la-garrafa-a-precio-subsidiado-se-entregara-en-el-polideportivo","status":"publish","type":"post","link":"https:\/\/vinasfm.com\/noticias\/por-unica-vez-la-garrafa-a-precio-subsidiado-se-entregara-en-el-polideportivo\/","title":{"rendered":"POR \u00daNICA VEZ LA GARRAFA A PRECIO SUBSIDIADO SE ENTREGAR\u00c1 EN EL POLIDEPORTIVO"},"content":{"rendered":"<h4 style=\"text-align: left;\"><strong>Desde la direcci\u00f3n de Contingencia de la Municipalidad anunciaron que el programa de garrafa en tu barrio contar\u00e1 por \u00fanica vez con un nuevo punto de entrega en Ciudad.<\/strong><\/h4>\n<p style=\"text-align: left;\">Desde el mes de mayo que comenz\u00f3 la entrega de las garrafas a precio subsidiado, los vecinos tuvieron que realizar una previa inscripci\u00f3n en las oficinas de Contingencia para luego poder acceder al beneficio.<\/p>\n<p style=\"text-align: left;\">Es importante destacar que la inscripci\u00f3n fue por \u00fanica vez, desde el mes de junio los beneficiarios tienen que llevar en d\u00eda de la compra de la garrafa: fotocopia del DNI, certificaci\u00f3n negativa de ANSES, certificado de discapacidad, carnet de jubilados o el bono en caso de los pensionados y podr\u00e1n retirar dos garrafas.<\/p>\n<p style=\"text-align: left;\">Se comenz\u00f3 con la entrega por los distritos porque son los lugares que menos gente tiene gas natural, se continu\u00f3 con el cronograma habitual de entrega y se agreg\u00f3 por \u00fanica vez un nuevo punto de entrega en la oficina de discapacidad.<\/p>\n<p style=\"text-align: left;\">Carlos Aguas, director de Contingencias expres\u00f3 <em><strong>\u201cEl pr\u00f3ximo mi\u00e9rcoles 29 y el viernes 31 de mayo de 9 a 12 se realizar\u00e1 por \u00fanica vez la entrega de garrafas a precio subsidiado en la oficina de discapacidad en el polideportivo municipal, esto se lleva a cabo gracias a la gesti\u00f3n que realiz\u00f3 el intendente Alejandro Molero, todos aquellos que se acerquen a comprar no es necesario que est\u00e9n inscriptos, solo tienen que llevar el DNI y se entregar\u00e1 una garrafa por persona\u201d<\/strong><\/em><\/p>\n","protected":false},"excerpt":{"rendered":"<p>Desde la direcci\u00f3n de Contingencia de la Municipalidad anunciaron que el programa de garrafa en tu barrio contar\u00e1 por \u00fanica vez &#8230;<\/p>\n","protected":false},"author":7,"featured_media":110083,"comment_status":"open","ping_status":"open","sticky":false,"template":"","format":"standard","meta":{"footnotes":""},"categories":[5,10],"tags":[],"class_list":["post-135804","post","type-post","status-publish","format-standard","has-post-thumbnail","hentry","category-actualidad","category-destacadas"],"_links":{"self":[{"href":"https:\/\/vinasfm.com\/noticias\/wp-json\/wp\/v2\/posts\/135804","targetHints":{"allow":["GET"]}}],"collection":[{"href":"https:\/\/vinasfm.com\/noticias\/wp-json\/wp\/v2\/posts"}],"about":[{"href":"https:\/\/vinasfm.com\/noticias\/wp-json\/wp\/v2\/types\/post"}],"author":[{"embeddable":true,"href":"https:\/\/vinasfm.com\/noticias\/wp-json\/wp\/v2\/users\/7"}],"replies":[{"embeddable":true,"href":"https:\/\/vinasfm.com\/noticias\/wp-json\/wp\/v2\/comments?post=135804"}],"version-history":[{"count":1,"href":"https:\/\/vinasfm.com\/noticias\/wp-json\/wp\/v2\/posts\/135804\/revisions"}],"predecessor-version":[{"id":135805,"href":"https:\/\/vinasfm.com\/noticias\/wp-json\/wp\/v2\/posts\/135804\/revisions\/135805"}],"wp:featuredmedia":[{"embeddable":true,"href":"https:\/\/vinasfm.com\/noticias\/wp-json\/wp\/v2\/media\/110083"}],"wp:attachment":[{"href":"https:\/\/vinasfm.com\/noticias\/wp-json\/wp\/v2\/media?parent=135804"}],"wp:term":[{"taxonomy":"category","embeddable":true,"href":"https:\/\/vinasfm.com\/noticias\/wp-json\/wp\/v2\/categories?post=135804"},{"taxonomy":"post_tag","embeddable":true,"href":"https:\/\/vinasfm.com\/noticias\/wp-json\/wp\/v2\/tags?post=135804"}],"curies":[{"name":"wp","href":"https:\/\/api.w.org\/{rel}","templated":true}]}}