{"id":135776,"date":"2024-05-28T08:19:15","date_gmt":"2024-05-28T11:19:15","guid":{"rendered":"https:\/\/vinasfm.com\/noticias\/?p=135776"},"modified":"2024-05-29T09:39:55","modified_gmt":"2024-05-29T12:39:55","slug":"preocupacion-por-los-actos-de-vandalismo-en-el-mercado-municipal","status":"publish","type":"post","link":"https:\/\/vinasfm.com\/noticias\/preocupacion-por-los-actos-de-vandalismo-en-el-mercado-municipal\/","title":{"rendered":"PREOCUPACI\u00d3N POR LOS ACTOS DE VANDALISMO EN EL MERCADO MUNICIPAL"},"content":{"rendered":"<h4><span style=\"color: #000000;\"><strong><i>El secretario de Desarrollo Econ\u00f3mico se refiri\u00f3 a los hechos de vandalismo que ocurrieron el fin de semana en las instalaciones del Mercado Municipal y las medidas que se tomaron a ra\u00edz de lo sucedido.<\/i><\/strong><\/span><\/h4>\n<p><span style=\"color: #000000;\">Durante el fin de semana se viralizaron im\u00e1genes en donde se observaba a un grupo de individuos causando destrozos en el Mercado Municipal, este hecho agrava a\u00fan m\u00e1s la situaci\u00f3n de las instalaciones.<strong> \u00ab<\/strong><em><b>Lamentablemente siguen sucediendo hechos vand\u00e1licos en el Mercado Municipal y lo primero que hicimos fue pedir las grabaciones de las c\u00e1maras, pensamos que era de noche y que hab\u00edan saltado el tapial ya que se decidi\u00f3 cerrar los portones cuando no hay actividades y tambi\u00e9n hay sereno\u201d<\/b><\/em> explic\u00f3 Hugo Molina, secretario de Desarrollo Econ\u00f3mico<\/span><\/p>\n<p><span style=\"color: #000000;\">As\u00ed mismo se\u00f1al\u00f3 que el hecho \u00ab<em><b>se produjo a las 13.24 horas, son j\u00f3venes que no s\u00e9 si salen o est\u00e1n por ingresar a la escuela\u00bb.<\/b><\/em> Seg\u00fan se ve en las im\u00e1genes, se trata de dos menores de edad.<strong><i>\u00abAdem\u00e1s de realizar las denuncias pertinentes, esta situaci\u00f3n nos lleva a tomar la decisi\u00f3n de tener abierto el espacio solo cuando van los feriantes, los cuales van a tener algunos problemas porque cerraremos los ingresos que son los que utilizan para descargar la mercader\u00eda\u00bb.<\/i><\/strong><\/span><\/p>\n<p><span style=\"color: #000000;\"><strong><i>\u00abQuiz\u00e1s estos j\u00f3venes est\u00e1n acostumbrados a realizar este tipo de da\u00f1os, quiz\u00e1s hasta se ven en los videos y se creen cancheros, por eso apelamos a la sociedad, a que los padres vean estas im\u00e1genes y les hagan tomar conciencia\u201d<\/i><\/strong>, se\u00f1al\u00f3 Molina y agreg\u00f3 <strong><i>\u00abtambi\u00e9n queremos llevarle tranquilidad a los feriantes, estamos trabajando en esta problem\u00e1tica y lamentablemente vamos a tener que restringir, de alguna manera van a tener que acostumbrarse a otras incomodidades\u201d.<\/i><\/strong><\/span><\/p>\n<p><span style=\"color: #000000;\"><strong><i>\u201cLos da\u00f1os puntuales fueron dos de los stands que tienen la rotura de los paneles, no las vamos a reemplazar hasta que no terminemos los cierres, adem\u00e1s no queremos llegar al cierre porque los feriantes no deben sufrir por algo que no hicieron y dejar de vender sus productos\u201d<\/i><\/strong>, finaliz\u00f3 el funcionario<\/span><\/p>\n","protected":false},"excerpt":{"rendered":"<p>El secretario de Desarrollo Econ\u00f3mico se refiri\u00f3 a los hechos de vandalismo que ocurrieron el fin de semana en las instalaciones &#8230;<\/p>\n","protected":false},"author":7,"featured_media":135777,"comment_status":"open","ping_status":"open","sticky":false,"template":"","format":"standard","meta":{"footnotes":""},"categories":[5,185],"tags":[],"class_list":["post-135776","post","type-post","status-publish","format-standard","has-post-thumbnail","hentry","category-actualidad","category-vandalismo"],"_links":{"self":[{"href":"https:\/\/vinasfm.com\/noticias\/wp-json\/wp\/v2\/posts\/135776","targetHints":{"allow":["GET"]}}],"collection":[{"href":"https:\/\/vinasfm.com\/noticias\/wp-json\/wp\/v2\/posts"}],"about":[{"href":"https:\/\/vinasfm.com\/noticias\/wp-json\/wp\/v2\/types\/post"}],"author":[{"embeddable":true,"href":"https:\/\/vinasfm.com\/noticias\/wp-json\/wp\/v2\/users\/7"}],"replies":[{"embeddable":true,"href":"https:\/\/vinasfm.com\/noticias\/wp-json\/wp\/v2\/comments?post=135776"}],"version-history":[{"count":2,"href":"https:\/\/vinasfm.com\/noticias\/wp-json\/wp\/v2\/posts\/135776\/revisions"}],"predecessor-version":[{"id":135779,"href":"https:\/\/vinasfm.com\/noticias\/wp-json\/wp\/v2\/posts\/135776\/revisions\/135779"}],"wp:featuredmedia":[{"embeddable":true,"href":"https:\/\/vinasfm.com\/noticias\/wp-json\/wp\/v2\/media\/135777"}],"wp:attachment":[{"href":"https:\/\/vinasfm.com\/noticias\/wp-json\/wp\/v2\/media?parent=135776"}],"wp:term":[{"taxonomy":"category","embeddable":true,"href":"https:\/\/vinasfm.com\/noticias\/wp-json\/wp\/v2\/categories?post=135776"},{"taxonomy":"post_tag","embeddable":true,"href":"https:\/\/vinasfm.com\/noticias\/wp-json\/wp\/v2\/tags?post=135776"}],"curies":[{"name":"wp","href":"https:\/\/api.w.org\/{rel}","templated":true}]}}