{"id":135747,"date":"2024-05-27T10:18:32","date_gmt":"2024-05-27T13:18:32","guid":{"rendered":"https:\/\/vinasfm.com\/noticias\/?p=135747"},"modified":"2024-05-28T10:22:42","modified_gmt":"2024-05-28T13:22:42","slug":"el-ultimo-adios-a-carlos-achetoni","status":"publish","type":"post","link":"https:\/\/vinasfm.com\/noticias\/el-ultimo-adios-a-carlos-achetoni\/","title":{"rendered":"EL \u00daLTIMO ADIOS A CARLOS ACHETONI"},"content":{"rendered":"<h4><strong>El presidente de la Federaci\u00f3n Agraria Argentina falleci\u00f3 el pasado viernes, producto de un accidente vial en Ruta Nacional 188 Km 304.<\/strong><\/h4>\n<p>La noticia conmocion\u00f3 a la comunidad de General Alvear, sobre todo a quienes trabajaron a su lado en lucha por los derechos de los productores. Referentes de la pol\u00edtica, especialmente del sector agrario, llegaron al departamento el pasado s\u00e1bado para brindar sus condolencias y resaltar la destacada labor de Achetoni.<\/p>\n<p>El subsecretario de Agricultura y Ganader\u00eda de Mendoza, Sergio Moralejo, lament\u00f3 con profundo dolor el fallecimiento del dirigente. <strong><em>\u201cTrabajamos acompa\u00f1ados durante muchos a\u00f1os y reconozco el gran prestigio que tuvo a nivel nacional. Su fallecimiento es una gran p\u00e9rdida pero sin dudas su trabajo llena de orgullo a Mendoza y principalmente a General Alvear\u201d<\/em><\/strong>, manifest\u00f3.<\/p>\n<p>Por su parte, el presidente de la Sociedad Rural Argentina Nicol\u00e1s Pino, sostuvo que <strong><em>\u201cAchetoni fue un gran compa\u00f1ero y sost\u00e9n en la lucha por los derechos de los productores, ha logrado fortalecer al sector como nunca\u201d.<\/em><\/strong><\/p>\n<p>Por \u00faltimo, Ulises Forte de la Federaci\u00f3n Agraria, se\u00f1al\u00f3 que <em><strong>\u201cm\u00e1s que un dirigente fue un luchador que ha dejado un gran legado en la militancia y en la Federaci\u00f3n Agraria. Siempre fue responsable y se mantuvo del lado del pueblo con un enorme compromiso por defender las econom\u00edas regionales\u201d.<\/strong><\/em><\/p>\n<h2>EL ACCIDENTE<\/h2>\n<p data-sider-select-id=\"b9c4345a-7564-446b-9a40-2bf0a6b7deb2\">Carlos Achetoni, presidente de Federaci\u00f3n Agraria, muri\u00f3 en la madrugada del viernes en un siniestro vial a la altura de Florentino Ameghino, Buenos Aires. La confirmaci\u00f3n de su muerte lleg\u00f3 por parte de la entidad que tild\u00f3 a la noticia como devastadora.<\/p>\n<p data-sider-select-id=\"b9c4345a-7564-446b-9a40-2bf0a6b7deb2\">El accidente se produjo a la medianoche en el\u00a0<strong>Km 304 de ruta Nac. 188\u00a0<\/strong>entre\u00a0<strong>Ameghino y Coronel Granada,<\/strong>\u00a0cuando un auto\u00a0<strong>Fiat Palio<\/strong>\u00a0impact\u00f3 con la parte trasera de un\u00a0<strong>cami\u00f3n<\/strong>\u00a0que transportaba man\u00ed, el siniestro dej\u00f3 como saldo la muerte del \u00fanico ocupante del rodado menor.<\/p>\n","protected":false},"excerpt":{"rendered":"<p>El presidente de la Federaci\u00f3n Agraria Argentina falleci\u00f3 el pasado viernes, producto de un accidente vial en Ruta Nacional 188 Km &#8230;<\/p>\n","protected":false},"author":7,"featured_media":135768,"comment_status":"open","ping_status":"open","sticky":false,"template":"","format":"standard","meta":{"footnotes":""},"categories":[5,11],"tags":[],"class_list":["post-135747","post","type-post","status-publish","format-standard","has-post-thumbnail","hentry","category-actualidad","category-sociales"],"_links":{"self":[{"href":"https:\/\/vinasfm.com\/noticias\/wp-json\/wp\/v2\/posts\/135747","targetHints":{"allow":["GET"]}}],"collection":[{"href":"https:\/\/vinasfm.com\/noticias\/wp-json\/wp\/v2\/posts"}],"about":[{"href":"https:\/\/vinasfm.com\/noticias\/wp-json\/wp\/v2\/types\/post"}],"author":[{"embeddable":true,"href":"https:\/\/vinasfm.com\/noticias\/wp-json\/wp\/v2\/users\/7"}],"replies":[{"embeddable":true,"href":"https:\/\/vinasfm.com\/noticias\/wp-json\/wp\/v2\/comments?post=135747"}],"version-history":[{"count":5,"href":"https:\/\/vinasfm.com\/noticias\/wp-json\/wp\/v2\/posts\/135747\/revisions"}],"predecessor-version":[{"id":135764,"href":"https:\/\/vinasfm.com\/noticias\/wp-json\/wp\/v2\/posts\/135747\/revisions\/135764"}],"wp:featuredmedia":[{"embeddable":true,"href":"https:\/\/vinasfm.com\/noticias\/wp-json\/wp\/v2\/media\/135768"}],"wp:attachment":[{"href":"https:\/\/vinasfm.com\/noticias\/wp-json\/wp\/v2\/media?parent=135747"}],"wp:term":[{"taxonomy":"category","embeddable":true,"href":"https:\/\/vinasfm.com\/noticias\/wp-json\/wp\/v2\/categories?post=135747"},{"taxonomy":"post_tag","embeddable":true,"href":"https:\/\/vinasfm.com\/noticias\/wp-json\/wp\/v2\/tags?post=135747"}],"curies":[{"name":"wp","href":"https:\/\/api.w.org\/{rel}","templated":true}]}}